{"id":6008,"date":"2024-03-05T13:06:33","date_gmt":"2024-03-05T12:06:33","guid":{"rendered":"https:\/\/www.kontakt.org.rs\/sta-treba-da-znate-pre-dvostrukog-povratka-jarbola-na-kontaktu\/"},"modified":"2024-03-05T20:28:48","modified_gmt":"2024-03-05T19:28:48","slug":"sta-treba-da-znate-pre-dvostrukog-povratka-jarbola-na-kontaktu","status":"publish","type":"post","link":"https:\/\/www.kontakt.org.rs\/en\/sta-treba-da-znate-pre-dvostrukog-povratka-jarbola-na-kontaktu\/","title":{"rendered":"Step into the enigmatic world of Belgrade&#8217;s most elusive band, as Jarboli break their silence and return to the stage."},"content":{"rendered":"<div class=\"fusion-fullwidth fullwidth-box fusion-builder-row-1 fusion-flex-container nonhundred-percent-fullwidth non-hundred-percent-height-scrolling\" style=\"--awb-border-radius-top-left:0px;--awb-border-radius-top-right:0px;--awb-border-radius-bottom-right:0px;--awb-border-radius-bottom-left:0px;--awb-flex-wrap:wrap;\" ><div class=\"fusion-builder-row fusion-row fusion-flex-align-items-flex-start fusion-flex-content-wrap\" style=\"max-width:1331.2px;margin-left: calc(-4% \/ 2 );margin-right: calc(-4% \/ 2 );\"><div class=\"fusion-layout-column fusion_builder_column fusion-builder-column-0 fusion_builder_column_1_1 1_1 fusion-flex-column\" style=\"--awb-bg-blend:overlay;--awb-bg-size:cover;--awb-width-large:100%;--awb-margin-top-large:0px;--awb-spacing-right-large:1.92%;--awb-margin-bottom-large:0px;--awb-spacing-left-large:1.92%;--awb-width-medium:100%;--awb-spacing-right-medium:1.92%;--awb-spacing-left-medium:1.92%;--awb-width-small:100%;--awb-spacing-right-small:1.92%;--awb-spacing-left-small:1.92%;\"><div class=\"fusion-column-wrapper fusion-flex-justify-content-flex-start fusion-content-layout-column\"><div class=\"fusion-text fusion-text-1\"><p><span style=\"color: var(--awb-text-color); font-family: var(--awb-text-font-family); font-size: var(--awb-font-size); font-style: var(--awb-text-font-style); font-weight: var(--awb-text-font-weight); letter-spacing: var(--awb-letter-spacing); text-align: var(--awb-content-alignment); text-transform: var(--awb-text-transform); background-color: var(--awb-bg-color);\">Jarboli are often described as Belgrade\u2019s best-kept secret, and that might very well be true.<\/span><\/p>\n<p>Nevertheless, we&#8217;ve decided to play the gracious host and provide an unofficial glimpse into the band\u2019s biography.<br \/>\n<span style=\"color: var(--awb-text-color); font-family: var(--awb-text-font-family); font-size: var(--awb-font-size); font-style: var(--awb-text-font-style); font-weight: var(--awb-text-font-weight); letter-spacing: var(--awb-letter-spacing); text-align: var(--awb-content-alignment); text-transform: var(--awb-text-transform); background-color: var(--awb-bg-color-hover);\">Firstly, don\u2019t let their youthful appearance and slender physiques fool you; this legendarily tall quartet from Belgrade began their journey back when the Berlin Wall still stood firm.<\/span><\/p>\n<p>As for Jarboli, legend has it that at their first performance, the drums were played by Igor Brakus, for whom the debut also marked his farewell to music and the beginning of his radio and TV career. If your reporter\u2019s glimpse into some authentic blurry pictures is to be believed, Boris and Nemanja sported curls and hair that reached halfway down their backs. Alas, those were pre-internet days when who knows what people did, but they had nowhere to post their recordings, leaving us helpless to verify. Especially since the band members are in media quarantine as part of their preparations for the performance.<\/p>\n<p>Officially, Jarboli was formed in 1991 in the same lineup that will perform at Kontakt, 33 years after their inception. This makes them one of the longest-lasting bands in their original lineup in our area, truly a rarity. Daniel Kova\u010d (guitar, vocals), Boris Mladenovi\u0107 (guitar, vocals), \u017dolt Kova\u010d (bass guitar), and Nemanja A\u0107imovi\u0107 (drums), inspired by garage rock and punk rock, quickly caught attention with their unusual stage presence, so mysterious that the only remaining description is \u201cdadaist\u201d for their approach. It didn\u2019t take long for them to be noticed by their senior peers, often opening for bands like Obojeni Program and Instant Karma, laying the foundations of their cult reputation.<\/p>\n<p>Jarboli\u2019s studio releases always come with some crazy stories. No surprise, considering the timing. The first official recordings were made during the turbulent, war-torn year of 1994, while in 1996 recordings were released on cassette as a \u201cbootleg\u201d album titled \u201c\u010cizmanoga,\u201d in an edition of 50 cassettes. As of this writing, one cassette is available for sale online.<\/p>\n<p>Jarboli\u2019s first official discographic release, namely their first real, full-length, studio album \u201cDobrodo\u0161li\u201d is celebrating its 25th anniversary this year and formally serves as the reason for Jarboli&#8217;s emergence after nearly a decade of hiding from the public. The album was recorded and printed with the support of media house B92 and was scheduled to be released on March 24, 1999. Hmm, what could go wrong? Naturally, the release was postponed due to the NATO bombing that started a few days before the planned promotion. A few days later, the government took over the then-opposition Radio B92, so all 2000 copies of the album were confiscated. However, they were eventually returned after the bombing ended, and \u201cDobrodo\u0161li\u201d finally saw the light of day.<\/p>\n<p>Throughout the 2000s, Jarboli continued to release material, including the EP \u201cSamo ponekad\u201d (2000) and the album \u201cSuvi\u0161na sloboda\u201d (2003). Their influence on the upcoming generations of Serbian alternative bands was significant during this period. With support and soon collaboration with younger generations, as well as participation in compilations dedicated to Milan Mladenovi\u0107 and concerts at important festivals, the first decade of this century was perhaps the most active for Jarboli. And the next one started similarly \u2013 in 2011, Jarboli released their officially 4th and to date last album \u201cZabava\u201d. However, from then on, they vanished off the face of the earth, only to make their grand return with a double concert at Kontakt on March 23 and 24 at Dor\u0107ol Platz. Hurry up for your ticket as the first day is already sold out, the hype is real.<\/p>\n<\/div><\/div><\/div><\/div><\/div>\n","protected":false},"excerpt":{"rendered":"","protected":false},"author":3,"featured_media":5992,"comment_status":"closed","ping_status":"closed","sticky":false,"template":"","format":"standard","meta":{"footnotes":""},"categories":[79,1],"tags":[],"class_list":["post-6008","post","type-post","status-publish","format-standard","has-post-thumbnail","hentry","category-news-2023","category-uncategorized-sr"],"yoast_head":"<!-- This site is optimized with the Yoast SEO plugin v24.6 - https:\/\/yoast.com\/wordpress\/plugins\/seo\/ -->\n<title>Step into the enigmatic world of Belgrade&#039;s most elusive band, as Jarboli break their silence and return to the stage. - Kontakt konferencija<\/title>\n<meta name=\"robots\" content=\"index, follow, max-snippet:-1, max-image-preview:large, max-video-preview:-1\" \/>\n<link rel=\"canonical\" href=\"https:\/\/www.kontakt.org.rs\/sta-treba-da-znate-pre-dvostrukog-povratka-jarbola-na-kontaktu\/?lang=en\" \/>\n<meta property=\"og:locale\" content=\"en_US\" \/>\n<meta property=\"og:type\" content=\"article\" \/>\n<meta property=\"og:title\" content=\"Step into the enigmatic world of Belgrade&#039;s most elusive band, as Jarboli break their silence and return to the stage. - Kontakt konferencija\" \/>\n<meta property=\"og:url\" content=\"https:\/\/www.kontakt.org.rs\/sta-treba-da-znate-pre-dvostrukog-povratka-jarbola-na-kontaktu\/?lang=en\" \/>\n<meta property=\"og:site_name\" content=\"Kontakt konferencija\" \/>\n<meta property=\"article:publisher\" content=\"https:\/\/www.facebook.com\/KontaktBeograd\/\" \/>\n<meta property=\"article:published_time\" content=\"2024-03-05T12:06:33+00:00\" \/>\n<meta property=\"article:modified_time\" content=\"2024-03-05T19:28:48+00:00\" \/>\n<meta property=\"og:image\" content=\"https:\/\/www.kontakt.org.rs\/wp-content\/uploads\/2024\/03\/Black-Grunge-Music-Band-Scrapbook-e1709666914520-1024x570.png\" \/>\n\t<meta property=\"og:image:width\" content=\"1024\" \/>\n\t<meta property=\"og:image:height\" content=\"570\" \/>\n\t<meta property=\"og:image:type\" content=\"image\/png\" \/>\n<meta name=\"author\" content=\"Boris Kontakt\" \/>\n<meta name=\"twitter:card\" content=\"summary_large_image\" \/>\n<meta name=\"twitter:label1\" content=\"Written by\" \/>\n\t<meta name=\"twitter:data1\" content=\"Boris Kontakt\" \/>\n\t<meta name=\"twitter:label2\" content=\"Est. reading time\" \/>\n\t<meta name=\"twitter:data2\" content=\"4 minutes\" \/>\n<script type=\"application\/ld+json\" class=\"yoast-schema-graph\">{\"@context\":\"https:\/\/schema.org\",\"@graph\":[{\"@type\":\"Article\",\"@id\":\"https:\/\/www.kontakt.org.rs\/sta-treba-da-znate-pre-dvostrukog-povratka-jarbola-na-kontaktu\/?lang=en#article\",\"isPartOf\":{\"@id\":\"https:\/\/www.kontakt.org.rs\/sta-treba-da-znate-pre-dvostrukog-povratka-jarbola-na-kontaktu\/?lang=en\"},\"author\":{\"name\":\"Boris Kontakt\",\"@id\":\"https:\/\/www.kontakt.org.rs\/#\/schema\/person\/014e2e63c31c1641e498a178c3cc88c0\"},\"headline\":\"Step into the enigmatic world of Belgrade&#8217;s most elusive band, as Jarboli break their silence and return to the stage.\",\"datePublished\":\"2024-03-05T12:06:33+00:00\",\"dateModified\":\"2024-03-05T19:28:48+00:00\",\"mainEntityOfPage\":{\"@id\":\"https:\/\/www.kontakt.org.rs\/sta-treba-da-znate-pre-dvostrukog-povratka-jarbola-na-kontaktu\/?lang=en\"},\"wordCount\":731,\"publisher\":{\"@id\":\"https:\/\/www.kontakt.org.rs\/#organization\"},\"image\":{\"@id\":\"https:\/\/www.kontakt.org.rs\/sta-treba-da-znate-pre-dvostrukog-povratka-jarbola-na-kontaktu\/?lang=en#primaryimage\"},\"thumbnailUrl\":\"https:\/\/www.kontakt.org.rs\/wp-content\/uploads\/2024\/03\/Black-Grunge-Music-Band-Scrapbook-e1709666914520.png\",\"articleSection\":[\"News 2023\",\"Uncategorized @sr\"],\"inLanguage\":\"en-US\"},{\"@type\":\"WebPage\",\"@id\":\"https:\/\/www.kontakt.org.rs\/sta-treba-da-znate-pre-dvostrukog-povratka-jarbola-na-kontaktu\/?lang=en\",\"url\":\"https:\/\/www.kontakt.org.rs\/sta-treba-da-znate-pre-dvostrukog-povratka-jarbola-na-kontaktu\/?lang=en\",\"name\":\"Step into the enigmatic world of Belgrade's most elusive band, as Jarboli break their silence and return to the stage. - Kontakt konferencija\",\"isPartOf\":{\"@id\":\"https:\/\/www.kontakt.org.rs\/#website\"},\"primaryImageOfPage\":{\"@id\":\"https:\/\/www.kontakt.org.rs\/sta-treba-da-znate-pre-dvostrukog-povratka-jarbola-na-kontaktu\/?lang=en#primaryimage\"},\"image\":{\"@id\":\"https:\/\/www.kontakt.org.rs\/sta-treba-da-znate-pre-dvostrukog-povratka-jarbola-na-kontaktu\/?lang=en#primaryimage\"},\"thumbnailUrl\":\"https:\/\/www.kontakt.org.rs\/wp-content\/uploads\/2024\/03\/Black-Grunge-Music-Band-Scrapbook-e1709666914520.png\",\"datePublished\":\"2024-03-05T12:06:33+00:00\",\"dateModified\":\"2024-03-05T19:28:48+00:00\",\"breadcrumb\":{\"@id\":\"https:\/\/www.kontakt.org.rs\/sta-treba-da-znate-pre-dvostrukog-povratka-jarbola-na-kontaktu\/?lang=en#breadcrumb\"},\"inLanguage\":\"en-US\",\"potentialAction\":[{\"@type\":\"ReadAction\",\"target\":[\"https:\/\/www.kontakt.org.rs\/sta-treba-da-znate-pre-dvostrukog-povratka-jarbola-na-kontaktu\/?lang=en\"]}]},{\"@type\":\"ImageObject\",\"inLanguage\":\"en-US\",\"@id\":\"https:\/\/www.kontakt.org.rs\/sta-treba-da-znate-pre-dvostrukog-povratka-jarbola-na-kontaktu\/?lang=en#primaryimage\",\"url\":\"https:\/\/www.kontakt.org.rs\/wp-content\/uploads\/2024\/03\/Black-Grunge-Music-Band-Scrapbook-e1709666914520.png\",\"contentUrl\":\"https:\/\/www.kontakt.org.rs\/wp-content\/uploads\/2024\/03\/Black-Grunge-Music-Band-Scrapbook-e1709666914520.png\",\"width\":2000,\"height\":1113},{\"@type\":\"BreadcrumbList\",\"@id\":\"https:\/\/www.kontakt.org.rs\/sta-treba-da-znate-pre-dvostrukog-povratka-jarbola-na-kontaktu\/?lang=en#breadcrumb\",\"itemListElement\":[{\"@type\":\"ListItem\",\"position\":1,\"name\":\"Home\",\"item\":\"https:\/\/www.kontakt.org.rs\/?lang=en\"},{\"@type\":\"ListItem\",\"position\":2,\"name\":\"Step into the enigmatic world of Belgrade&#8217;s most elusive band, as Jarboli break their silence and return to the stage.\"}]},{\"@type\":\"WebSite\",\"@id\":\"https:\/\/www.kontakt.org.rs\/#website\",\"url\":\"https:\/\/www.kontakt.org.rs\/\",\"name\":\"Kontakt konferencija\",\"description\":\"Kontakt 2023\",\"publisher\":{\"@id\":\"https:\/\/www.kontakt.org.rs\/#organization\"},\"potentialAction\":[{\"@type\":\"SearchAction\",\"target\":{\"@type\":\"EntryPoint\",\"urlTemplate\":\"https:\/\/www.kontakt.org.rs\/?s={search_term_string}\"},\"query-input\":{\"@type\":\"PropertyValueSpecification\",\"valueRequired\":true,\"valueName\":\"search_term_string\"}}],\"inLanguage\":\"en-US\"},{\"@type\":\"Organization\",\"@id\":\"https:\/\/www.kontakt.org.rs\/#organization\",\"name\":\"Kontakt konferencija\",\"url\":\"https:\/\/www.kontakt.org.rs\/\",\"logo\":{\"@type\":\"ImageObject\",\"inLanguage\":\"en-US\",\"@id\":\"https:\/\/www.kontakt.org.rs\/#\/schema\/logo\/image\/\",\"url\":\"https:\/\/www.kontakt.org.rs\/wp-content\/uploads\/2023\/01\/KONTAKT_23-header-logo-3.png\",\"contentUrl\":\"https:\/\/www.kontakt.org.rs\/wp-content\/uploads\/2023\/01\/KONTAKT_23-header-logo-3.png\",\"width\":706,\"height\":71,\"caption\":\"Kontakt konferencija\"},\"image\":{\"@id\":\"https:\/\/www.kontakt.org.rs\/#\/schema\/logo\/image\/\"},\"sameAs\":[\"https:\/\/www.facebook.com\/KontaktBeograd\/\",\"https:\/\/www.instagram.com\/kontakt_beograd\/\"]},{\"@type\":\"Person\",\"@id\":\"https:\/\/www.kontakt.org.rs\/#\/schema\/person\/014e2e63c31c1641e498a178c3cc88c0\",\"name\":\"Boris Kontakt\",\"image\":{\"@type\":\"ImageObject\",\"inLanguage\":\"en-US\",\"@id\":\"https:\/\/www.kontakt.org.rs\/#\/schema\/person\/image\/\",\"url\":\"https:\/\/secure.gravatar.com\/avatar\/394bed1fe99573fefa800c6f33beb28175701da024c8690afdaa6011e3664035?s=96&d=mm&r=g\",\"contentUrl\":\"https:\/\/secure.gravatar.com\/avatar\/394bed1fe99573fefa800c6f33beb28175701da024c8690afdaa6011e3664035?s=96&d=mm&r=g\",\"caption\":\"Boris Kontakt\"},\"url\":\"https:\/\/www.kontakt.org.rs\/en\/author\/boriskont\/\"}]}<\/script>\n<!-- \/ Yoast SEO plugin. -->","yoast_head_json":{"title":"Step into the enigmatic world of Belgrade's most elusive band, as Jarboli break their silence and return to the stage. - Kontakt konferencija","robots":{"index":"index","follow":"follow","max-snippet":"max-snippet:-1","max-image-preview":"max-image-preview:large","max-video-preview":"max-video-preview:-1"},"canonical":"https:\/\/www.kontakt.org.rs\/sta-treba-da-znate-pre-dvostrukog-povratka-jarbola-na-kontaktu\/?lang=en","og_locale":"en_US","og_type":"article","og_title":"Step into the enigmatic world of Belgrade's most elusive band, as Jarboli break their silence and return to the stage. - Kontakt konferencija","og_url":"https:\/\/www.kontakt.org.rs\/sta-treba-da-znate-pre-dvostrukog-povratka-jarbola-na-kontaktu\/?lang=en","og_site_name":"Kontakt konferencija","article_publisher":"https:\/\/www.facebook.com\/KontaktBeograd\/","article_published_time":"2024-03-05T12:06:33+00:00","article_modified_time":"2024-03-05T19:28:48+00:00","og_image":[{"width":1024,"height":570,"url":"https:\/\/www.kontakt.org.rs\/wp-content\/uploads\/2024\/03\/Black-Grunge-Music-Band-Scrapbook-e1709666914520-1024x570.png","type":"image\/png"}],"author":"Boris Kontakt","twitter_card":"summary_large_image","twitter_misc":{"Written by":"Boris Kontakt","Est. reading time":"4 minutes"},"schema":{"@context":"https:\/\/schema.org","@graph":[{"@type":"Article","@id":"https:\/\/www.kontakt.org.rs\/sta-treba-da-znate-pre-dvostrukog-povratka-jarbola-na-kontaktu\/?lang=en#article","isPartOf":{"@id":"https:\/\/www.kontakt.org.rs\/sta-treba-da-znate-pre-dvostrukog-povratka-jarbola-na-kontaktu\/?lang=en"},"author":{"name":"Boris Kontakt","@id":"https:\/\/www.kontakt.org.rs\/#\/schema\/person\/014e2e63c31c1641e498a178c3cc88c0"},"headline":"Step into the enigmatic world of Belgrade&#8217;s most elusive band, as Jarboli break their silence and return to the stage.","datePublished":"2024-03-05T12:06:33+00:00","dateModified":"2024-03-05T19:28:48+00:00","mainEntityOfPage":{"@id":"https:\/\/www.kontakt.org.rs\/sta-treba-da-znate-pre-dvostrukog-povratka-jarbola-na-kontaktu\/?lang=en"},"wordCount":731,"publisher":{"@id":"https:\/\/www.kontakt.org.rs\/#organization"},"image":{"@id":"https:\/\/www.kontakt.org.rs\/sta-treba-da-znate-pre-dvostrukog-povratka-jarbola-na-kontaktu\/?lang=en#primaryimage"},"thumbnailUrl":"https:\/\/www.kontakt.org.rs\/wp-content\/uploads\/2024\/03\/Black-Grunge-Music-Band-Scrapbook-e1709666914520.png","articleSection":["News 2023","Uncategorized @sr"],"inLanguage":"en-US"},{"@type":"WebPage","@id":"https:\/\/www.kontakt.org.rs\/sta-treba-da-znate-pre-dvostrukog-povratka-jarbola-na-kontaktu\/?lang=en","url":"https:\/\/www.kontakt.org.rs\/sta-treba-da-znate-pre-dvostrukog-povratka-jarbola-na-kontaktu\/?lang=en","name":"Step into the enigmatic world of Belgrade's most elusive band, as Jarboli break their silence and return to the stage. - Kontakt konferencija","isPartOf":{"@id":"https:\/\/www.kontakt.org.rs\/#website"},"primaryImageOfPage":{"@id":"https:\/\/www.kontakt.org.rs\/sta-treba-da-znate-pre-dvostrukog-povratka-jarbola-na-kontaktu\/?lang=en#primaryimage"},"image":{"@id":"https:\/\/www.kontakt.org.rs\/sta-treba-da-znate-pre-dvostrukog-povratka-jarbola-na-kontaktu\/?lang=en#primaryimage"},"thumbnailUrl":"https:\/\/www.kontakt.org.rs\/wp-content\/uploads\/2024\/03\/Black-Grunge-Music-Band-Scrapbook-e1709666914520.png","datePublished":"2024-03-05T12:06:33+00:00","dateModified":"2024-03-05T19:28:48+00:00","breadcrumb":{"@id":"https:\/\/www.kontakt.org.rs\/sta-treba-da-znate-pre-dvostrukog-povratka-jarbola-na-kontaktu\/?lang=en#breadcrumb"},"inLanguage":"en-US","potentialAction":[{"@type":"ReadAction","target":["https:\/\/www.kontakt.org.rs\/sta-treba-da-znate-pre-dvostrukog-povratka-jarbola-na-kontaktu\/?lang=en"]}]},{"@type":"ImageObject","inLanguage":"en-US","@id":"https:\/\/www.kontakt.org.rs\/sta-treba-da-znate-pre-dvostrukog-povratka-jarbola-na-kontaktu\/?lang=en#primaryimage","url":"https:\/\/www.kontakt.org.rs\/wp-content\/uploads\/2024\/03\/Black-Grunge-Music-Band-Scrapbook-e1709666914520.png","contentUrl":"https:\/\/www.kontakt.org.rs\/wp-content\/uploads\/2024\/03\/Black-Grunge-Music-Band-Scrapbook-e1709666914520.png","width":2000,"height":1113},{"@type":"BreadcrumbList","@id":"https:\/\/www.kontakt.org.rs\/sta-treba-da-znate-pre-dvostrukog-povratka-jarbola-na-kontaktu\/?lang=en#breadcrumb","itemListElement":[{"@type":"ListItem","position":1,"name":"Home","item":"https:\/\/www.kontakt.org.rs\/?lang=en"},{"@type":"ListItem","position":2,"name":"Step into the enigmatic world of Belgrade&#8217;s most elusive band, as Jarboli break their silence and return to the stage."}]},{"@type":"WebSite","@id":"https:\/\/www.kontakt.org.rs\/#website","url":"https:\/\/www.kontakt.org.rs\/","name":"Kontakt konferencija","description":"Kontakt 2023","publisher":{"@id":"https:\/\/www.kontakt.org.rs\/#organization"},"potentialAction":[{"@type":"SearchAction","target":{"@type":"EntryPoint","urlTemplate":"https:\/\/www.kontakt.org.rs\/?s={search_term_string}"},"query-input":{"@type":"PropertyValueSpecification","valueRequired":true,"valueName":"search_term_string"}}],"inLanguage":"en-US"},{"@type":"Organization","@id":"https:\/\/www.kontakt.org.rs\/#organization","name":"Kontakt konferencija","url":"https:\/\/www.kontakt.org.rs\/","logo":{"@type":"ImageObject","inLanguage":"en-US","@id":"https:\/\/www.kontakt.org.rs\/#\/schema\/logo\/image\/","url":"https:\/\/www.kontakt.org.rs\/wp-content\/uploads\/2023\/01\/KONTAKT_23-header-logo-3.png","contentUrl":"https:\/\/www.kontakt.org.rs\/wp-content\/uploads\/2023\/01\/KONTAKT_23-header-logo-3.png","width":706,"height":71,"caption":"Kontakt konferencija"},"image":{"@id":"https:\/\/www.kontakt.org.rs\/#\/schema\/logo\/image\/"},"sameAs":["https:\/\/www.facebook.com\/KontaktBeograd\/","https:\/\/www.instagram.com\/kontakt_beograd\/"]},{"@type":"Person","@id":"https:\/\/www.kontakt.org.rs\/#\/schema\/person\/014e2e63c31c1641e498a178c3cc88c0","name":"Boris Kontakt","image":{"@type":"ImageObject","inLanguage":"en-US","@id":"https:\/\/www.kontakt.org.rs\/#\/schema\/person\/image\/","url":"https:\/\/secure.gravatar.com\/avatar\/394bed1fe99573fefa800c6f33beb28175701da024c8690afdaa6011e3664035?s=96&d=mm&r=g","contentUrl":"https:\/\/secure.gravatar.com\/avatar\/394bed1fe99573fefa800c6f33beb28175701da024c8690afdaa6011e3664035?s=96&d=mm&r=g","caption":"Boris Kontakt"},"url":"https:\/\/www.kontakt.org.rs\/en\/author\/boriskont\/"}]}},"_links":{"self":[{"href":"https:\/\/www.kontakt.org.rs\/en\/wp-json\/wp\/v2\/posts\/6008","targetHints":{"allow":["GET"]}}],"collection":[{"href":"https:\/\/www.kontakt.org.rs\/en\/wp-json\/wp\/v2\/posts"}],"about":[{"href":"https:\/\/www.kontakt.org.rs\/en\/wp-json\/wp\/v2\/types\/post"}],"author":[{"embeddable":true,"href":"https:\/\/www.kontakt.org.rs\/en\/wp-json\/wp\/v2\/users\/3"}],"replies":[{"embeddable":true,"href":"https:\/\/www.kontakt.org.rs\/en\/wp-json\/wp\/v2\/comments?post=6008"}],"version-history":[{"count":6,"href":"https:\/\/www.kontakt.org.rs\/en\/wp-json\/wp\/v2\/posts\/6008\/revisions"}],"predecessor-version":[{"id":6023,"href":"https:\/\/www.kontakt.org.rs\/en\/wp-json\/wp\/v2\/posts\/6008\/revisions\/6023"}],"wp:featuredmedia":[{"embeddable":true,"href":"https:\/\/www.kontakt.org.rs\/en\/wp-json\/wp\/v2\/media\/5992"}],"wp:attachment":[{"href":"https:\/\/www.kontakt.org.rs\/en\/wp-json\/wp\/v2\/media?parent=6008"}],"wp:term":[{"taxonomy":"category","embeddable":true,"href":"https:\/\/www.kontakt.org.rs\/en\/wp-json\/wp\/v2\/categories?post=6008"},{"taxonomy":"post_tag","embeddable":true,"href":"https:\/\/www.kontakt.org.rs\/en\/wp-json\/wp\/v2\/tags?post=6008"}],"curies":[{"name":"wp","href":"https:\/\/api.w.org\/{rel}","templated":true}]}}