{"id":5682,"date":"2024-02-18T18:32:52","date_gmt":"2024-02-18T17:32:52","guid":{"rendered":"https:\/\/www.kontakt.org.rs\/persefonin-vrt-izlozba-slika-katarine-zutic-na-osmom-kontaktu\/"},"modified":"2024-02-27T13:06:23","modified_gmt":"2024-02-27T12:06:23","slug":"persefonin-vrt-izlozba-slika-katarine-zutic-na-osmom-kontaktu","status":"publish","type":"post","link":"https:\/\/www.kontakt.org.rs\/en\/persefonin-vrt-izlozba-slika-katarine-zutic-na-osmom-kontaktu\/","title":{"rendered":"PERSEPHONE&#8217;S GARDEN &#8211; Exhibition of paintings by KATARINA \u017dUTI\u0106 at the eighth Kontakt"},"content":{"rendered":"<p>PERSEPHONE&#8217;S GARDEN<br \/>\nHands That Create Deeds<br \/>\nExhibition of paintings by KATARINA \u017dUTI\u0106 at the eighth Kontakt<br \/>\nDor\u0107ol Platz, Dobra\u010dina 59b, Belgrade<br \/>\nFrom March 19th to April 8th, 2024.<\/p>\n<p>Persephone is a dual goddess. She is also known as Kore.<br \/>\nShe is the ruler of the Underworld, but also the goddess of vegetation, bringing spring and rich harvests to the world.<\/p>\n<p>KATARINA \u017dUTI\u0106 is an artist who is exhibiting her paintings for the first time in Belgrade using a mixed technique.<br \/>\nIn search of her style, she experimented with acrylics, watercolors, and mixed media. In her works, which are not watercolors, collage can often be noticed as something characteristic of her expression.<br \/>\nShe graduated from the Faculty of Dramatic Arts, department of acting, and later pursued a master&#8217;s degree in directing. She creates collage papers from her used acting scripts.<br \/>\nShe had a band called Kamikaze, where she played bass guitar and sang her songs.<br \/>\nSo far, she has exhibited landscapes in watercolor, with the desire to decentralize and affirm cultural events outside the capital, and has successfully held solo exhibitions under the collective title &#8220;My Climate Menu Change&#8221; in three cycles:<br \/>\nSummer and Autumn cycle, Cultural Center &#8220;Srbobran&#8221; on October 17, &#8217;22.<br \/>\nWinter cycle, Gallery of the Cultural Center &#8220;Zlatibor&#8221; on March 11, &#8217;23.<br \/>\nSpring cycle, Cultural Center &#8220;Kovin&#8221; on June 13, &#8217;23.<br \/>\nThese exhibitions had a clear message of preserving nature&#8217;s strength and beauty in the form of scenes of natural beauty, as well as the consequences that come from neglecting one&#8217;s environment in the form of post-apocalyptic scenes of wastelands and destroyed barren lands.<br \/>\nShe has been drawing and painting her whole life, using whatever materials were available to her. However, in the last five years, she decided to dedicate herself to it completely. She has completed numerous painting courses. She has created her studio, where she held workshops. She experimented with landscapes, abstraction, and this time, she presents herself through surrealism using a mixed technique.<\/p>\n<p>According to mythology, Persephone can be attributed to the change of seasons, as she spends half of the year in the world of the living, while the other half she spends in the Underworld, the realm of the dead. These are the motifs that guided me on my journey to reach the paintings that are part of this exhibition.<br \/>\nOn a personal level, Persephone is the daughter of the supreme ruler of Olympus, Zeus, and his wife Demeter. Among many suitors for Persephone&#8217;s hand, Hades found a solution on how to marry her. The ruler of the Underworld, with Zeus&#8217;s permission, abducted Persephone from Demeter, her mother, married her, and took her to rule the underworld together with him.<br \/>\nShe is torn between her obligations to her husband and marital vows on one hand, and love for her mother and the beginning of life she brings to the earth on the other. I recognize this tornness as a creator who has many ideas and often struggles to fulfill everything she has set for herself, while time constantly slips through her fingers, and &#8220;the underworld&#8221; awaits us all just around the corner, but it seems comforting to me if Persephone welcomes us there. In her, I see a connection between those of us who live and our deceased&#8230;<br \/>\nTrees are there when we are born because otherwise, we couldn&#8217;t be born &#8211; there would be no air. They silently observe our, for them, short lives, and when we die, their roots embrace us. What if the purpose of our bodies after death is simply fertilizer for the earth from which trees grow? I see this as a clear link between the material and the spiritual world. This thought often haunts me.<br \/>\nI believe that every tree has its roots in one of our ancestors, and I personally believe that trees, on some metaphysical level, are a symbol that connects life and death, two opposing and inseparable ideas.<br \/>\nHands are a motif that runs through all the paintings along with trees, and in this way, I tried to emphasize the power we humans have to do something great and good. The power to collectively stop destruction, not only of the achievements of civilization but also of the nature in which we live.<br \/>\nFinally, the garden. A concept with strong semiotics.<br \/>\nIn many religions, primarily in Christianity, the garden is depicted as a beautiful afterlife filled with blessings. How come we are not aware of the beauty and strength of the garden of nature in which we live here and now?<br \/>\nMost often, we poison and destroy that garden of our life. Do we know that the Garden of Eden &#8211; the garden where we can live on earth? We can, but only if we preserve it, nurture it, and tirelessly water it. Let&#8217;s start with our spiritual nature, and we will reach the nature that feeds and surrounds us.<br \/>\nKatarina \u017duti\u0107<br \/>\nExhibition Author<\/p>\n","protected":false},"excerpt":{"rendered":"<p>PERSEPHONE&#8217;S GARDEN Hands That Create Deeds Exhibition of paintings by KATARINA \u017dUTI\u0106 at the eighth Kontakt Dor\u0107ol<\/p>\n","protected":false},"author":4,"featured_media":5464,"comment_status":"closed","ping_status":"closed","sticky":false,"template":"","format":"standard","meta":{"footnotes":""},"categories":[79],"tags":[],"class_list":["post-5682","post","type-post","status-publish","format-standard","has-post-thumbnail","hentry","category-news-2023"],"yoast_head":"<!-- This site is optimized with the Yoast SEO plugin v24.6 - https:\/\/yoast.com\/wordpress\/plugins\/seo\/ -->\n<title>PERSEPHONE&#039;S GARDEN - Exhibition of paintings by KATARINA \u017dUTI\u0106 at the eighth Kontakt - Kontakt konferencija<\/title>\n<meta name=\"robots\" content=\"index, follow, max-snippet:-1, max-image-preview:large, max-video-preview:-1\" \/>\n<link rel=\"canonical\" href=\"https:\/\/www.kontakt.org.rs\/persefonin-vrt-izlozba-slika-katarine-zutic-na-osmom-kontaktu\/?lang=en\" \/>\n<meta property=\"og:locale\" content=\"en_US\" \/>\n<meta property=\"og:type\" content=\"article\" \/>\n<meta property=\"og:title\" content=\"PERSEPHONE&#039;S GARDEN - Exhibition of paintings by KATARINA \u017dUTI\u0106 at the eighth Kontakt - Kontakt konferencija\" \/>\n<meta property=\"og:description\" content=\"PERSEPHONE&#8217;S GARDEN Hands That Create Deeds Exhibition of paintings by KATARINA \u017dUTI\u0106 at the eighth Kontakt Dor\u0107ol\" \/>\n<meta property=\"og:url\" content=\"https:\/\/www.kontakt.org.rs\/persefonin-vrt-izlozba-slika-katarine-zutic-na-osmom-kontaktu\/?lang=en\" \/>\n<meta property=\"og:site_name\" content=\"Kontakt konferencija\" \/>\n<meta property=\"article:publisher\" content=\"https:\/\/www.facebook.com\/KontaktBeograd\/\" \/>\n<meta property=\"article:published_time\" content=\"2024-02-18T17:32:52+00:00\" \/>\n<meta property=\"article:modified_time\" content=\"2024-02-27T12:06:23+00:00\" \/>\n<meta property=\"og:image\" content=\"https:\/\/www.kontakt.org.rs\/wp-content\/uploads\/2024\/02\/Katarina_Zutic_FB_event_KONTAKT_24_1920x1080_FINAL.jpg\" \/>\n\t<meta property=\"og:image:width\" content=\"1920\" \/>\n\t<meta property=\"og:image:height\" content=\"1080\" \/>\n\t<meta property=\"og:image:type\" content=\"image\/jpeg\" \/>\n<meta name=\"author\" content=\"budosana\" \/>\n<meta name=\"twitter:card\" content=\"summary_large_image\" \/>\n<meta name=\"twitter:label1\" content=\"Written by\" \/>\n\t<meta name=\"twitter:data1\" content=\"budosana\" \/>\n\t<meta name=\"twitter:label2\" content=\"Est. reading time\" \/>\n\t<meta name=\"twitter:data2\" content=\"4 minutes\" \/>\n<script type=\"application\/ld+json\" class=\"yoast-schema-graph\">{\"@context\":\"https:\/\/schema.org\",\"@graph\":[{\"@type\":\"Article\",\"@id\":\"https:\/\/www.kontakt.org.rs\/persefonin-vrt-izlozba-slika-katarine-zutic-na-osmom-kontaktu\/?lang=en#article\",\"isPartOf\":{\"@id\":\"https:\/\/www.kontakt.org.rs\/persefonin-vrt-izlozba-slika-katarine-zutic-na-osmom-kontaktu\/?lang=en\"},\"author\":{\"name\":\"budosana\",\"@id\":\"https:\/\/www.kontakt.org.rs\/#\/schema\/person\/3f4e71fc61c8651282564ea86ad4114b\"},\"headline\":\"PERSEPHONE&#8217;S GARDEN &#8211; Exhibition of paintings by KATARINA \u017dUTI\u0106 at the eighth Kontakt\",\"datePublished\":\"2024-02-18T17:32:52+00:00\",\"dateModified\":\"2024-02-27T12:06:23+00:00\",\"mainEntityOfPage\":{\"@id\":\"https:\/\/www.kontakt.org.rs\/persefonin-vrt-izlozba-slika-katarine-zutic-na-osmom-kontaktu\/?lang=en\"},\"wordCount\":836,\"publisher\":{\"@id\":\"https:\/\/www.kontakt.org.rs\/#organization\"},\"image\":{\"@id\":\"https:\/\/www.kontakt.org.rs\/persefonin-vrt-izlozba-slika-katarine-zutic-na-osmom-kontaktu\/?lang=en#primaryimage\"},\"thumbnailUrl\":\"https:\/\/www.kontakt.org.rs\/wp-content\/uploads\/2024\/02\/Katarina_Zutic_FB_event_KONTAKT_24_1920x1080_FINAL.jpg\",\"articleSection\":[\"News 2023\"],\"inLanguage\":\"en-US\"},{\"@type\":\"WebPage\",\"@id\":\"https:\/\/www.kontakt.org.rs\/persefonin-vrt-izlozba-slika-katarine-zutic-na-osmom-kontaktu\/?lang=en\",\"url\":\"https:\/\/www.kontakt.org.rs\/persefonin-vrt-izlozba-slika-katarine-zutic-na-osmom-kontaktu\/?lang=en\",\"name\":\"PERSEPHONE'S GARDEN - Exhibition of paintings by KATARINA \u017dUTI\u0106 at the eighth Kontakt - Kontakt konferencija\",\"isPartOf\":{\"@id\":\"https:\/\/www.kontakt.org.rs\/#website\"},\"primaryImageOfPage\":{\"@id\":\"https:\/\/www.kontakt.org.rs\/persefonin-vrt-izlozba-slika-katarine-zutic-na-osmom-kontaktu\/?lang=en#primaryimage\"},\"image\":{\"@id\":\"https:\/\/www.kontakt.org.rs\/persefonin-vrt-izlozba-slika-katarine-zutic-na-osmom-kontaktu\/?lang=en#primaryimage\"},\"thumbnailUrl\":\"https:\/\/www.kontakt.org.rs\/wp-content\/uploads\/2024\/02\/Katarina_Zutic_FB_event_KONTAKT_24_1920x1080_FINAL.jpg\",\"datePublished\":\"2024-02-18T17:32:52+00:00\",\"dateModified\":\"2024-02-27T12:06:23+00:00\",\"breadcrumb\":{\"@id\":\"https:\/\/www.kontakt.org.rs\/persefonin-vrt-izlozba-slika-katarine-zutic-na-osmom-kontaktu\/?lang=en#breadcrumb\"},\"inLanguage\":\"en-US\",\"potentialAction\":[{\"@type\":\"ReadAction\",\"target\":[\"https:\/\/www.kontakt.org.rs\/persefonin-vrt-izlozba-slika-katarine-zutic-na-osmom-kontaktu\/?lang=en\"]}]},{\"@type\":\"ImageObject\",\"inLanguage\":\"en-US\",\"@id\":\"https:\/\/www.kontakt.org.rs\/persefonin-vrt-izlozba-slika-katarine-zutic-na-osmom-kontaktu\/?lang=en#primaryimage\",\"url\":\"https:\/\/www.kontakt.org.rs\/wp-content\/uploads\/2024\/02\/Katarina_Zutic_FB_event_KONTAKT_24_1920x1080_FINAL.jpg\",\"contentUrl\":\"https:\/\/www.kontakt.org.rs\/wp-content\/uploads\/2024\/02\/Katarina_Zutic_FB_event_KONTAKT_24_1920x1080_FINAL.jpg\",\"width\":1920,\"height\":1080},{\"@type\":\"BreadcrumbList\",\"@id\":\"https:\/\/www.kontakt.org.rs\/persefonin-vrt-izlozba-slika-katarine-zutic-na-osmom-kontaktu\/?lang=en#breadcrumb\",\"itemListElement\":[{\"@type\":\"ListItem\",\"position\":1,\"name\":\"Home\",\"item\":\"https:\/\/www.kontakt.org.rs\/?lang=en\"},{\"@type\":\"ListItem\",\"position\":2,\"name\":\"PERSEPHONE&#8217;S GARDEN &#8211; Exhibition of paintings by KATARINA \u017dUTI\u0106 at the eighth Kontakt\"}]},{\"@type\":\"WebSite\",\"@id\":\"https:\/\/www.kontakt.org.rs\/#website\",\"url\":\"https:\/\/www.kontakt.org.rs\/\",\"name\":\"Kontakt konferencija\",\"description\":\"Kontakt 2023\",\"publisher\":{\"@id\":\"https:\/\/www.kontakt.org.rs\/#organization\"},\"potentialAction\":[{\"@type\":\"SearchAction\",\"target\":{\"@type\":\"EntryPoint\",\"urlTemplate\":\"https:\/\/www.kontakt.org.rs\/?s={search_term_string}\"},\"query-input\":{\"@type\":\"PropertyValueSpecification\",\"valueRequired\":true,\"valueName\":\"search_term_string\"}}],\"inLanguage\":\"en-US\"},{\"@type\":\"Organization\",\"@id\":\"https:\/\/www.kontakt.org.rs\/#organization\",\"name\":\"Kontakt konferencija\",\"url\":\"https:\/\/www.kontakt.org.rs\/\",\"logo\":{\"@type\":\"ImageObject\",\"inLanguage\":\"en-US\",\"@id\":\"https:\/\/www.kontakt.org.rs\/#\/schema\/logo\/image\/\",\"url\":\"https:\/\/www.kontakt.org.rs\/wp-content\/uploads\/2023\/01\/KONTAKT_23-header-logo-3.png\",\"contentUrl\":\"https:\/\/www.kontakt.org.rs\/wp-content\/uploads\/2023\/01\/KONTAKT_23-header-logo-3.png\",\"width\":706,\"height\":71,\"caption\":\"Kontakt konferencija\"},\"image\":{\"@id\":\"https:\/\/www.kontakt.org.rs\/#\/schema\/logo\/image\/\"},\"sameAs\":[\"https:\/\/www.facebook.com\/KontaktBeograd\/\",\"https:\/\/www.instagram.com\/kontakt_beograd\/\"]},{\"@type\":\"Person\",\"@id\":\"https:\/\/www.kontakt.org.rs\/#\/schema\/person\/3f4e71fc61c8651282564ea86ad4114b\",\"name\":\"budosana\",\"image\":{\"@type\":\"ImageObject\",\"inLanguage\":\"en-US\",\"@id\":\"https:\/\/www.kontakt.org.rs\/#\/schema\/person\/image\/\",\"url\":\"https:\/\/secure.gravatar.com\/avatar\/dbe2f95df95dc9ebbfba29c7bf02bd6b0ded3be401b03a67e23813cada857742?s=96&d=mm&r=g\",\"contentUrl\":\"https:\/\/secure.gravatar.com\/avatar\/dbe2f95df95dc9ebbfba29c7bf02bd6b0ded3be401b03a67e23813cada857742?s=96&d=mm&r=g\",\"caption\":\"budosana\"},\"url\":\"https:\/\/www.kontakt.org.rs\/en\/author\/budosana\/\"}]}<\/script>\n<!-- \/ Yoast SEO plugin. -->","yoast_head_json":{"title":"PERSEPHONE'S GARDEN - Exhibition of paintings by KATARINA \u017dUTI\u0106 at the eighth Kontakt - Kontakt konferencija","robots":{"index":"index","follow":"follow","max-snippet":"max-snippet:-1","max-image-preview":"max-image-preview:large","max-video-preview":"max-video-preview:-1"},"canonical":"https:\/\/www.kontakt.org.rs\/persefonin-vrt-izlozba-slika-katarine-zutic-na-osmom-kontaktu\/?lang=en","og_locale":"en_US","og_type":"article","og_title":"PERSEPHONE'S GARDEN - Exhibition of paintings by KATARINA \u017dUTI\u0106 at the eighth Kontakt - Kontakt konferencija","og_description":"PERSEPHONE&#8217;S GARDEN Hands That Create Deeds Exhibition of paintings by KATARINA \u017dUTI\u0106 at the eighth Kontakt Dor\u0107ol","og_url":"https:\/\/www.kontakt.org.rs\/persefonin-vrt-izlozba-slika-katarine-zutic-na-osmom-kontaktu\/?lang=en","og_site_name":"Kontakt konferencija","article_publisher":"https:\/\/www.facebook.com\/KontaktBeograd\/","article_published_time":"2024-02-18T17:32:52+00:00","article_modified_time":"2024-02-27T12:06:23+00:00","og_image":[{"width":1920,"height":1080,"url":"https:\/\/www.kontakt.org.rs\/wp-content\/uploads\/2024\/02\/Katarina_Zutic_FB_event_KONTAKT_24_1920x1080_FINAL.jpg","type":"image\/jpeg"}],"author":"budosana","twitter_card":"summary_large_image","twitter_misc":{"Written by":"budosana","Est. reading time":"4 minutes"},"schema":{"@context":"https:\/\/schema.org","@graph":[{"@type":"Article","@id":"https:\/\/www.kontakt.org.rs\/persefonin-vrt-izlozba-slika-katarine-zutic-na-osmom-kontaktu\/?lang=en#article","isPartOf":{"@id":"https:\/\/www.kontakt.org.rs\/persefonin-vrt-izlozba-slika-katarine-zutic-na-osmom-kontaktu\/?lang=en"},"author":{"name":"budosana","@id":"https:\/\/www.kontakt.org.rs\/#\/schema\/person\/3f4e71fc61c8651282564ea86ad4114b"},"headline":"PERSEPHONE&#8217;S GARDEN &#8211; Exhibition of paintings by KATARINA \u017dUTI\u0106 at the eighth Kontakt","datePublished":"2024-02-18T17:32:52+00:00","dateModified":"2024-02-27T12:06:23+00:00","mainEntityOfPage":{"@id":"https:\/\/www.kontakt.org.rs\/persefonin-vrt-izlozba-slika-katarine-zutic-na-osmom-kontaktu\/?lang=en"},"wordCount":836,"publisher":{"@id":"https:\/\/www.kontakt.org.rs\/#organization"},"image":{"@id":"https:\/\/www.kontakt.org.rs\/persefonin-vrt-izlozba-slika-katarine-zutic-na-osmom-kontaktu\/?lang=en#primaryimage"},"thumbnailUrl":"https:\/\/www.kontakt.org.rs\/wp-content\/uploads\/2024\/02\/Katarina_Zutic_FB_event_KONTAKT_24_1920x1080_FINAL.jpg","articleSection":["News 2023"],"inLanguage":"en-US"},{"@type":"WebPage","@id":"https:\/\/www.kontakt.org.rs\/persefonin-vrt-izlozba-slika-katarine-zutic-na-osmom-kontaktu\/?lang=en","url":"https:\/\/www.kontakt.org.rs\/persefonin-vrt-izlozba-slika-katarine-zutic-na-osmom-kontaktu\/?lang=en","name":"PERSEPHONE'S GARDEN - Exhibition of paintings by KATARINA \u017dUTI\u0106 at the eighth Kontakt - Kontakt konferencija","isPartOf":{"@id":"https:\/\/www.kontakt.org.rs\/#website"},"primaryImageOfPage":{"@id":"https:\/\/www.kontakt.org.rs\/persefonin-vrt-izlozba-slika-katarine-zutic-na-osmom-kontaktu\/?lang=en#primaryimage"},"image":{"@id":"https:\/\/www.kontakt.org.rs\/persefonin-vrt-izlozba-slika-katarine-zutic-na-osmom-kontaktu\/?lang=en#primaryimage"},"thumbnailUrl":"https:\/\/www.kontakt.org.rs\/wp-content\/uploads\/2024\/02\/Katarina_Zutic_FB_event_KONTAKT_24_1920x1080_FINAL.jpg","datePublished":"2024-02-18T17:32:52+00:00","dateModified":"2024-02-27T12:06:23+00:00","breadcrumb":{"@id":"https:\/\/www.kontakt.org.rs\/persefonin-vrt-izlozba-slika-katarine-zutic-na-osmom-kontaktu\/?lang=en#breadcrumb"},"inLanguage":"en-US","potentialAction":[{"@type":"ReadAction","target":["https:\/\/www.kontakt.org.rs\/persefonin-vrt-izlozba-slika-katarine-zutic-na-osmom-kontaktu\/?lang=en"]}]},{"@type":"ImageObject","inLanguage":"en-US","@id":"https:\/\/www.kontakt.org.rs\/persefonin-vrt-izlozba-slika-katarine-zutic-na-osmom-kontaktu\/?lang=en#primaryimage","url":"https:\/\/www.kontakt.org.rs\/wp-content\/uploads\/2024\/02\/Katarina_Zutic_FB_event_KONTAKT_24_1920x1080_FINAL.jpg","contentUrl":"https:\/\/www.kontakt.org.rs\/wp-content\/uploads\/2024\/02\/Katarina_Zutic_FB_event_KONTAKT_24_1920x1080_FINAL.jpg","width":1920,"height":1080},{"@type":"BreadcrumbList","@id":"https:\/\/www.kontakt.org.rs\/persefonin-vrt-izlozba-slika-katarine-zutic-na-osmom-kontaktu\/?lang=en#breadcrumb","itemListElement":[{"@type":"ListItem","position":1,"name":"Home","item":"https:\/\/www.kontakt.org.rs\/?lang=en"},{"@type":"ListItem","position":2,"name":"PERSEPHONE&#8217;S GARDEN &#8211; Exhibition of paintings by KATARINA \u017dUTI\u0106 at the eighth Kontakt"}]},{"@type":"WebSite","@id":"https:\/\/www.kontakt.org.rs\/#website","url":"https:\/\/www.kontakt.org.rs\/","name":"Kontakt konferencija","description":"Kontakt 2023","publisher":{"@id":"https:\/\/www.kontakt.org.rs\/#organization"},"potentialAction":[{"@type":"SearchAction","target":{"@type":"EntryPoint","urlTemplate":"https:\/\/www.kontakt.org.rs\/?s={search_term_string}"},"query-input":{"@type":"PropertyValueSpecification","valueRequired":true,"valueName":"search_term_string"}}],"inLanguage":"en-US"},{"@type":"Organization","@id":"https:\/\/www.kontakt.org.rs\/#organization","name":"Kontakt konferencija","url":"https:\/\/www.kontakt.org.rs\/","logo":{"@type":"ImageObject","inLanguage":"en-US","@id":"https:\/\/www.kontakt.org.rs\/#\/schema\/logo\/image\/","url":"https:\/\/www.kontakt.org.rs\/wp-content\/uploads\/2023\/01\/KONTAKT_23-header-logo-3.png","contentUrl":"https:\/\/www.kontakt.org.rs\/wp-content\/uploads\/2023\/01\/KONTAKT_23-header-logo-3.png","width":706,"height":71,"caption":"Kontakt konferencija"},"image":{"@id":"https:\/\/www.kontakt.org.rs\/#\/schema\/logo\/image\/"},"sameAs":["https:\/\/www.facebook.com\/KontaktBeograd\/","https:\/\/www.instagram.com\/kontakt_beograd\/"]},{"@type":"Person","@id":"https:\/\/www.kontakt.org.rs\/#\/schema\/person\/3f4e71fc61c8651282564ea86ad4114b","name":"budosana","image":{"@type":"ImageObject","inLanguage":"en-US","@id":"https:\/\/www.kontakt.org.rs\/#\/schema\/person\/image\/","url":"https:\/\/secure.gravatar.com\/avatar\/dbe2f95df95dc9ebbfba29c7bf02bd6b0ded3be401b03a67e23813cada857742?s=96&d=mm&r=g","contentUrl":"https:\/\/secure.gravatar.com\/avatar\/dbe2f95df95dc9ebbfba29c7bf02bd6b0ded3be401b03a67e23813cada857742?s=96&d=mm&r=g","caption":"budosana"},"url":"https:\/\/www.kontakt.org.rs\/en\/author\/budosana\/"}]}},"_links":{"self":[{"href":"https:\/\/www.kontakt.org.rs\/en\/wp-json\/wp\/v2\/posts\/5682","targetHints":{"allow":["GET"]}}],"collection":[{"href":"https:\/\/www.kontakt.org.rs\/en\/wp-json\/wp\/v2\/posts"}],"about":[{"href":"https:\/\/www.kontakt.org.rs\/en\/wp-json\/wp\/v2\/types\/post"}],"author":[{"embeddable":true,"href":"https:\/\/www.kontakt.org.rs\/en\/wp-json\/wp\/v2\/users\/4"}],"replies":[{"embeddable":true,"href":"https:\/\/www.kontakt.org.rs\/en\/wp-json\/wp\/v2\/comments?post=5682"}],"version-history":[{"count":1,"href":"https:\/\/www.kontakt.org.rs\/en\/wp-json\/wp\/v2\/posts\/5682\/revisions"}],"predecessor-version":[{"id":5683,"href":"https:\/\/www.kontakt.org.rs\/en\/wp-json\/wp\/v2\/posts\/5682\/revisions\/5683"}],"wp:featuredmedia":[{"embeddable":true,"href":"https:\/\/www.kontakt.org.rs\/en\/wp-json\/wp\/v2\/media\/5464"}],"wp:attachment":[{"href":"https:\/\/www.kontakt.org.rs\/en\/wp-json\/wp\/v2\/media?parent=5682"}],"wp:term":[{"taxonomy":"category","embeddable":true,"href":"https:\/\/www.kontakt.org.rs\/en\/wp-json\/wp\/v2\/categories?post=5682"},{"taxonomy":"post_tag","embeddable":true,"href":"https:\/\/www.kontakt.org.rs\/en\/wp-json\/wp\/v2\/tags?post=5682"}],"curies":[{"name":"wp","href":"https:\/\/api.w.org\/{rel}","templated":true}]}}