{"id":5022,"date":"2023-07-15T13:06:08","date_gmt":"2023-07-15T11:06:08","guid":{"rendered":"https:\/\/www.kontakt.org.rs\/belgrade-kontakt-conference-joined-forces-with-banjaluka-demofest\/"},"modified":"2023-07-15T13:06:08","modified_gmt":"2023-07-15T11:06:08","slug":"belgrade-kontakt-conference-joined-forces-with-banjaluka-demofest","status":"publish","type":"post","link":"https:\/\/www.kontakt.org.rs\/en\/belgrade-kontakt-conference-joined-forces-with-banjaluka-demofest\/","title":{"rendered":"BELGRADE KONTAKT CONFERENCE JOINED FORCES WITH BANJALUKA DEMOFEST"},"content":{"rendered":"<p><strong>Banja Luka Demofest will take place from July 20th to 22nd at the Kastel in Banja Luka, and as part of the return edition, the largest festival of demo bands in Southeast Europe joined forces with the Belgrade KONTAKT conference.   <\/strong><\/p>\n<p><strong>As part of the daily program of the Demofest festival, the KONTAKT conference, the largest event of music industry professionals in the region, is coming to Banja Luka.<\/strong><\/p>\n<p><strong>KONTAKT at Demofest is the name of the three-day conference that will be held from July 20th to 22nd in the amphitheater of the Youth Center in Banja Luka, starting at 1:30 p.m.  <\/strong><\/p>\n<p><strong>Thus, during the daily program of the largest festival of demo bands in Southeast Europe, Banjaluka will become a meeting centre for professionals from the music business sphere.<\/strong><\/p>\n<p><strong>KONTAKT at Demofest will be marked by panels and public discussions that aim to further improve the work of all sectors that make up creative industries and entertainment industry, as well as to open up many issues that could help strengthen the cultural infrastructure in Banja Luka, BiH and the entire region.<\/strong><\/p>\n<p><strong>During the first day, July 20th, everyone who visits Banja Luka&#8217;s Youth Center will have the opportunity to attend the panel &#8220;Are the small big?&#8221;, which will discuss whether the size of the festival dictates quality and survival.<\/strong><\/p>\n<p><strong>On the following day, there will be a particularly interesting panel &#8220;What does the region play: Ode to Joy or Death March?&#8221;, where they will talk about the rights of musicians, whether musicians know they have them and how are they obtained.<\/strong><\/p>\n<p><strong>The last day of the conference is reserved for the &#8220;Collision with invisible borders&#8221; panel, which will be dedicated to music export potential on the one hand, and real possibilities on the other.<\/strong><\/p>\n<p><strong> <\/strong><\/p>\n<p><strong>20.07.2023. 20.07.2023. THURSDAY 1:30 p.m<\/strong><\/p>\n<p><strong>ARE SMALL BIG?<\/strong><\/p>\n<p><em><u>Does festival size dictate quality and survival?<\/u><\/em><\/p>\n<p>&nbsp;<\/p>\n<p>Participants:<\/p>\n<p>&nbsp;<\/p>\n<p>Janko Popovi\u0107 (CG) &#8211; ZABJELO CULTURE FESTIVAL Tin \u0160emov\u010dan (HR) \u2013 REGENERATOR Sanja Popov Leban (SLO) &#8211; SAJETA Zoran Vulovi\u0107 Vule (SRB) \u2013 ARSENAL FEST Milo\u0161 Ignjatovi\u0107 (SRB) \u2013 CINEMA CITY Renad Celik (BiH) \u2013 GARDEN OF DREAMS<\/p>\n<p>&nbsp;<\/p>\n<p>MODERATOR: Neboj\u0161a Risti\u0107<\/p>\n<p>&nbsp;<\/p>\n<p><strong>21.07.2023. 21.07.2023. FRIDAY 1:30 p.m<\/strong><\/p>\n<p><strong>WHAT IS THE REGION PLAYING: ODE TO JOY OR DEATH MARCH?<\/strong><\/p>\n<p><em><u>Musician&#8217;s rights, whether they exist at all and how they are exercised<\/u><\/em><\/p>\n<p>&nbsp;<\/p>\n<p>Participants:<\/p>\n<p>Nikola \u010cuturilo (SRB) -SOKOJ<\/p>\n<p>Petar Topalovi\u0107 (BiH) &#8211; grupa Sopot<\/p>\n<p>Zdenka Milanovi\u0107 (SRB) &#8211; Lampshade Media \/ RUNDA<\/p>\n<p>Marko Tica (BiH)<\/p>\n<p>&nbsp;<\/p>\n<p>MODERATOR: Maja Manojlovi\u0107<\/p>\n<p>&nbsp;<\/p>\n<p>&nbsp;<\/p>\n<p><strong>22.07.2023. 22.07.2023. SATURDAY 1:30 p.m<\/strong><\/p>\n<p><strong>COLLISION WITH INVISIBLE BOUNDARIES<\/strong><\/p>\n<p><em><u>Musical export potential on the one hand, and real possibilities on the other<\/u><\/em><\/p>\n<p>&nbsp;<\/p>\n<p>Participants:<\/p>\n<p>Participants: Katarina Epstein (SRB) \u2013 media representative of the CEETEP program<\/p>\n<p>Kristan Primo\u017e (SLO) &#8211; SIGIC<\/p>\n<p>Sara Gigante &#8211; CHARM MUSIC SERBIA \/ CROATIA<\/p>\n<p>Brian Ra\u0161i\u0107 (UK) \u2013 photographer<\/p>\n<p>Oskar Strajn (NL) &#8211; Eurosonic Noorderslag<\/p>\n<p>Markus Fitzgerald (GER) &#8211; Gigmit<\/p>\n<p>&nbsp;<\/p>\n<p>MODERATOR: Nenad Kuzmi\u0107<\/p>\n","protected":false},"excerpt":{"rendered":"<p>Banja Luka Demofest will take place from July 20th to 22nd at the Kastel in Banja Luka,<\/p>\n","protected":false},"author":1,"featured_media":4971,"comment_status":"closed","ping_status":"closed","sticky":false,"template":"","format":"standard","meta":{"footnotes":""},"categories":[79],"tags":[],"class_list":["post-5022","post","type-post","status-publish","format-standard","has-post-thumbnail","hentry","category-news-2023"],"yoast_head":"<!-- This site is optimized with the Yoast SEO plugin v24.6 - https:\/\/yoast.com\/wordpress\/plugins\/seo\/ -->\n<title>BELGRADE KONTAKT CONFERENCE JOINED FORCES WITH BANJALUKA DEMOFEST - Kontakt konferencija<\/title>\n<meta name=\"robots\" content=\"index, follow, max-snippet:-1, max-image-preview:large, max-video-preview:-1\" \/>\n<link rel=\"canonical\" href=\"https:\/\/www.kontakt.org.rs\/beogradska-kontakt-konferencija-udruzila-snage-sa-banjaluckim-demofestom\/\" \/>\n<meta property=\"og:locale\" content=\"en_US\" \/>\n<meta property=\"og:type\" content=\"article\" \/>\n<meta property=\"og:title\" content=\"BELGRADE KONTAKT CONFERENCE JOINED FORCES WITH BANJALUKA DEMOFEST - Kontakt konferencija\" \/>\n<meta property=\"og:description\" content=\"Banja Luka Demofest will take place from July 20th to 22nd at the Kastel in Banja Luka,\" \/>\n<meta property=\"og:url\" content=\"https:\/\/www.kontakt.org.rs\/beogradska-kontakt-konferencija-udruzila-snage-sa-banjaluckim-demofestom\/\" \/>\n<meta property=\"og:site_name\" content=\"Kontakt konferencija\" \/>\n<meta property=\"article:publisher\" content=\"https:\/\/www.facebook.com\/KontaktBeograd\/\" \/>\n<meta property=\"article:published_time\" content=\"2023-07-15T11:06:08+00:00\" \/>\n<meta property=\"og:image\" content=\"https:\/\/www.kontakt.org.rs\/wp-content\/uploads\/2023\/07\/DemoFest-i-Kontakt-1080x1080-1.jpg\" \/>\n\t<meta property=\"og:image:width\" content=\"1080\" \/>\n\t<meta property=\"og:image:height\" content=\"1080\" \/>\n\t<meta property=\"og:image:type\" content=\"image\/jpeg\" \/>\n<meta name=\"author\" content=\"stagezin\" \/>\n<meta name=\"twitter:card\" content=\"summary_large_image\" \/>\n<meta name=\"twitter:label1\" content=\"Written by\" \/>\n\t<meta name=\"twitter:data1\" content=\"stagezin\" \/>\n\t<meta name=\"twitter:label2\" content=\"Est. reading time\" \/>\n\t<meta name=\"twitter:data2\" content=\"2 minutes\" \/>\n<script type=\"application\/ld+json\" class=\"yoast-schema-graph\">{\"@context\":\"https:\/\/schema.org\",\"@graph\":[{\"@type\":\"Article\",\"@id\":\"https:\/\/www.kontakt.org.rs\/beogradska-kontakt-konferencija-udruzila-snage-sa-banjaluckim-demofestom\/#article\",\"isPartOf\":{\"@id\":\"https:\/\/www.kontakt.org.rs\/beogradska-kontakt-konferencija-udruzila-snage-sa-banjaluckim-demofestom\/\"},\"author\":{\"name\":\"stagezin\",\"@id\":\"https:\/\/www.kontakt.org.rs\/#\/schema\/person\/193c5a6980e93e18726f18f16d1c5144\"},\"headline\":\"BELGRADE KONTAKT CONFERENCE JOINED FORCES WITH BANJALUKA DEMOFEST\",\"datePublished\":\"2023-07-15T11:06:08+00:00\",\"mainEntityOfPage\":{\"@id\":\"https:\/\/www.kontakt.org.rs\/beogradska-kontakt-konferencija-udruzila-snage-sa-banjaluckim-demofestom\/\"},\"wordCount\":479,\"publisher\":{\"@id\":\"https:\/\/www.kontakt.org.rs\/#organization\"},\"image\":{\"@id\":\"https:\/\/www.kontakt.org.rs\/beogradska-kontakt-konferencija-udruzila-snage-sa-banjaluckim-demofestom\/#primaryimage\"},\"thumbnailUrl\":\"https:\/\/www.kontakt.org.rs\/wp-content\/uploads\/2023\/07\/DemoFest-i-Kontakt-1080x1080-1.jpg\",\"articleSection\":[\"News 2023\"],\"inLanguage\":\"en-US\"},{\"@type\":\"WebPage\",\"@id\":\"https:\/\/www.kontakt.org.rs\/beogradska-kontakt-konferencija-udruzila-snage-sa-banjaluckim-demofestom\/\",\"url\":\"https:\/\/www.kontakt.org.rs\/beogradska-kontakt-konferencija-udruzila-snage-sa-banjaluckim-demofestom\/\",\"name\":\"BELGRADE KONTAKT CONFERENCE JOINED FORCES WITH BANJALUKA DEMOFEST - Kontakt konferencija\",\"isPartOf\":{\"@id\":\"https:\/\/www.kontakt.org.rs\/#website\"},\"primaryImageOfPage\":{\"@id\":\"https:\/\/www.kontakt.org.rs\/beogradska-kontakt-konferencija-udruzila-snage-sa-banjaluckim-demofestom\/#primaryimage\"},\"image\":{\"@id\":\"https:\/\/www.kontakt.org.rs\/beogradska-kontakt-konferencija-udruzila-snage-sa-banjaluckim-demofestom\/#primaryimage\"},\"thumbnailUrl\":\"https:\/\/www.kontakt.org.rs\/wp-content\/uploads\/2023\/07\/DemoFest-i-Kontakt-1080x1080-1.jpg\",\"datePublished\":\"2023-07-15T11:06:08+00:00\",\"breadcrumb\":{\"@id\":\"https:\/\/www.kontakt.org.rs\/beogradska-kontakt-konferencija-udruzila-snage-sa-banjaluckim-demofestom\/#breadcrumb\"},\"inLanguage\":\"en-US\",\"potentialAction\":[{\"@type\":\"ReadAction\",\"target\":[\"https:\/\/www.kontakt.org.rs\/beogradska-kontakt-konferencija-udruzila-snage-sa-banjaluckim-demofestom\/\"]}]},{\"@type\":\"ImageObject\",\"inLanguage\":\"en-US\",\"@id\":\"https:\/\/www.kontakt.org.rs\/beogradska-kontakt-konferencija-udruzila-snage-sa-banjaluckim-demofestom\/#primaryimage\",\"url\":\"https:\/\/www.kontakt.org.rs\/wp-content\/uploads\/2023\/07\/DemoFest-i-Kontakt-1080x1080-1.jpg\",\"contentUrl\":\"https:\/\/www.kontakt.org.rs\/wp-content\/uploads\/2023\/07\/DemoFest-i-Kontakt-1080x1080-1.jpg\",\"width\":1080,\"height\":1080},{\"@type\":\"BreadcrumbList\",\"@id\":\"https:\/\/www.kontakt.org.rs\/beogradska-kontakt-konferencija-udruzila-snage-sa-banjaluckim-demofestom\/#breadcrumb\",\"itemListElement\":[{\"@type\":\"ListItem\",\"position\":1,\"name\":\"Home\",\"item\":\"https:\/\/www.kontakt.org.rs\/?lang=en\"},{\"@type\":\"ListItem\",\"position\":2,\"name\":\"BELGRADE KONTAKT CONFERENCE JOINED FORCES WITH BANJALUKA DEMOFEST\"}]},{\"@type\":\"WebSite\",\"@id\":\"https:\/\/www.kontakt.org.rs\/#website\",\"url\":\"https:\/\/www.kontakt.org.rs\/\",\"name\":\"Kontakt konferencija\",\"description\":\"Kontakt 2023\",\"publisher\":{\"@id\":\"https:\/\/www.kontakt.org.rs\/#organization\"},\"potentialAction\":[{\"@type\":\"SearchAction\",\"target\":{\"@type\":\"EntryPoint\",\"urlTemplate\":\"https:\/\/www.kontakt.org.rs\/?s={search_term_string}\"},\"query-input\":{\"@type\":\"PropertyValueSpecification\",\"valueRequired\":true,\"valueName\":\"search_term_string\"}}],\"inLanguage\":\"en-US\"},{\"@type\":\"Organization\",\"@id\":\"https:\/\/www.kontakt.org.rs\/#organization\",\"name\":\"Kontakt konferencija\",\"url\":\"https:\/\/www.kontakt.org.rs\/\",\"logo\":{\"@type\":\"ImageObject\",\"inLanguage\":\"en-US\",\"@id\":\"https:\/\/www.kontakt.org.rs\/#\/schema\/logo\/image\/\",\"url\":\"https:\/\/www.kontakt.org.rs\/wp-content\/uploads\/2023\/01\/KONTAKT_23-header-logo-3.png\",\"contentUrl\":\"https:\/\/www.kontakt.org.rs\/wp-content\/uploads\/2023\/01\/KONTAKT_23-header-logo-3.png\",\"width\":706,\"height\":71,\"caption\":\"Kontakt konferencija\"},\"image\":{\"@id\":\"https:\/\/www.kontakt.org.rs\/#\/schema\/logo\/image\/\"},\"sameAs\":[\"https:\/\/www.facebook.com\/KontaktBeograd\/\",\"https:\/\/www.instagram.com\/kontakt_beograd\/\"]},{\"@type\":\"Person\",\"@id\":\"https:\/\/www.kontakt.org.rs\/#\/schema\/person\/193c5a6980e93e18726f18f16d1c5144\",\"name\":\"stagezin\",\"image\":{\"@type\":\"ImageObject\",\"inLanguage\":\"en-US\",\"@id\":\"https:\/\/www.kontakt.org.rs\/#\/schema\/person\/image\/\",\"url\":\"https:\/\/secure.gravatar.com\/avatar\/fe5d0c6bdd8618f9ac8c8c462d29382c403c4cc325e9178aa51e00822a4d5a8f?s=96&d=mm&r=g\",\"contentUrl\":\"https:\/\/secure.gravatar.com\/avatar\/fe5d0c6bdd8618f9ac8c8c462d29382c403c4cc325e9178aa51e00822a4d5a8f?s=96&d=mm&r=g\",\"caption\":\"stagezin\"},\"sameAs\":[\"http:\/\/slike.getonthestage.com.getonthestage.com\"],\"url\":\"https:\/\/www.kontakt.org.rs\/en\/author\/stagezin\/\"}]}<\/script>\n<!-- \/ Yoast SEO plugin. -->","yoast_head_json":{"title":"BELGRADE KONTAKT CONFERENCE JOINED FORCES WITH BANJALUKA DEMOFEST - Kontakt konferencija","robots":{"index":"index","follow":"follow","max-snippet":"max-snippet:-1","max-image-preview":"max-image-preview:large","max-video-preview":"max-video-preview:-1"},"canonical":"https:\/\/www.kontakt.org.rs\/beogradska-kontakt-konferencija-udruzila-snage-sa-banjaluckim-demofestom\/","og_locale":"en_US","og_type":"article","og_title":"BELGRADE KONTAKT CONFERENCE JOINED FORCES WITH BANJALUKA DEMOFEST - Kontakt konferencija","og_description":"Banja Luka Demofest will take place from July 20th to 22nd at the Kastel in Banja Luka,","og_url":"https:\/\/www.kontakt.org.rs\/beogradska-kontakt-konferencija-udruzila-snage-sa-banjaluckim-demofestom\/","og_site_name":"Kontakt konferencija","article_publisher":"https:\/\/www.facebook.com\/KontaktBeograd\/","article_published_time":"2023-07-15T11:06:08+00:00","og_image":[{"width":1080,"height":1080,"url":"https:\/\/www.kontakt.org.rs\/wp-content\/uploads\/2023\/07\/DemoFest-i-Kontakt-1080x1080-1.jpg","type":"image\/jpeg"}],"author":"stagezin","twitter_card":"summary_large_image","twitter_misc":{"Written by":"stagezin","Est. reading time":"2 minutes"},"schema":{"@context":"https:\/\/schema.org","@graph":[{"@type":"Article","@id":"https:\/\/www.kontakt.org.rs\/beogradska-kontakt-konferencija-udruzila-snage-sa-banjaluckim-demofestom\/#article","isPartOf":{"@id":"https:\/\/www.kontakt.org.rs\/beogradska-kontakt-konferencija-udruzila-snage-sa-banjaluckim-demofestom\/"},"author":{"name":"stagezin","@id":"https:\/\/www.kontakt.org.rs\/#\/schema\/person\/193c5a6980e93e18726f18f16d1c5144"},"headline":"BELGRADE KONTAKT CONFERENCE JOINED FORCES WITH BANJALUKA DEMOFEST","datePublished":"2023-07-15T11:06:08+00:00","mainEntityOfPage":{"@id":"https:\/\/www.kontakt.org.rs\/beogradska-kontakt-konferencija-udruzila-snage-sa-banjaluckim-demofestom\/"},"wordCount":479,"publisher":{"@id":"https:\/\/www.kontakt.org.rs\/#organization"},"image":{"@id":"https:\/\/www.kontakt.org.rs\/beogradska-kontakt-konferencija-udruzila-snage-sa-banjaluckim-demofestom\/#primaryimage"},"thumbnailUrl":"https:\/\/www.kontakt.org.rs\/wp-content\/uploads\/2023\/07\/DemoFest-i-Kontakt-1080x1080-1.jpg","articleSection":["News 2023"],"inLanguage":"en-US"},{"@type":"WebPage","@id":"https:\/\/www.kontakt.org.rs\/beogradska-kontakt-konferencija-udruzila-snage-sa-banjaluckim-demofestom\/","url":"https:\/\/www.kontakt.org.rs\/beogradska-kontakt-konferencija-udruzila-snage-sa-banjaluckim-demofestom\/","name":"BELGRADE KONTAKT CONFERENCE JOINED FORCES WITH BANJALUKA DEMOFEST - Kontakt konferencija","isPartOf":{"@id":"https:\/\/www.kontakt.org.rs\/#website"},"primaryImageOfPage":{"@id":"https:\/\/www.kontakt.org.rs\/beogradska-kontakt-konferencija-udruzila-snage-sa-banjaluckim-demofestom\/#primaryimage"},"image":{"@id":"https:\/\/www.kontakt.org.rs\/beogradska-kontakt-konferencija-udruzila-snage-sa-banjaluckim-demofestom\/#primaryimage"},"thumbnailUrl":"https:\/\/www.kontakt.org.rs\/wp-content\/uploads\/2023\/07\/DemoFest-i-Kontakt-1080x1080-1.jpg","datePublished":"2023-07-15T11:06:08+00:00","breadcrumb":{"@id":"https:\/\/www.kontakt.org.rs\/beogradska-kontakt-konferencija-udruzila-snage-sa-banjaluckim-demofestom\/#breadcrumb"},"inLanguage":"en-US","potentialAction":[{"@type":"ReadAction","target":["https:\/\/www.kontakt.org.rs\/beogradska-kontakt-konferencija-udruzila-snage-sa-banjaluckim-demofestom\/"]}]},{"@type":"ImageObject","inLanguage":"en-US","@id":"https:\/\/www.kontakt.org.rs\/beogradska-kontakt-konferencija-udruzila-snage-sa-banjaluckim-demofestom\/#primaryimage","url":"https:\/\/www.kontakt.org.rs\/wp-content\/uploads\/2023\/07\/DemoFest-i-Kontakt-1080x1080-1.jpg","contentUrl":"https:\/\/www.kontakt.org.rs\/wp-content\/uploads\/2023\/07\/DemoFest-i-Kontakt-1080x1080-1.jpg","width":1080,"height":1080},{"@type":"BreadcrumbList","@id":"https:\/\/www.kontakt.org.rs\/beogradska-kontakt-konferencija-udruzila-snage-sa-banjaluckim-demofestom\/#breadcrumb","itemListElement":[{"@type":"ListItem","position":1,"name":"Home","item":"https:\/\/www.kontakt.org.rs\/?lang=en"},{"@type":"ListItem","position":2,"name":"BELGRADE KONTAKT CONFERENCE JOINED FORCES WITH BANJALUKA DEMOFEST"}]},{"@type":"WebSite","@id":"https:\/\/www.kontakt.org.rs\/#website","url":"https:\/\/www.kontakt.org.rs\/","name":"Kontakt konferencija","description":"Kontakt 2023","publisher":{"@id":"https:\/\/www.kontakt.org.rs\/#organization"},"potentialAction":[{"@type":"SearchAction","target":{"@type":"EntryPoint","urlTemplate":"https:\/\/www.kontakt.org.rs\/?s={search_term_string}"},"query-input":{"@type":"PropertyValueSpecification","valueRequired":true,"valueName":"search_term_string"}}],"inLanguage":"en-US"},{"@type":"Organization","@id":"https:\/\/www.kontakt.org.rs\/#organization","name":"Kontakt konferencija","url":"https:\/\/www.kontakt.org.rs\/","logo":{"@type":"ImageObject","inLanguage":"en-US","@id":"https:\/\/www.kontakt.org.rs\/#\/schema\/logo\/image\/","url":"https:\/\/www.kontakt.org.rs\/wp-content\/uploads\/2023\/01\/KONTAKT_23-header-logo-3.png","contentUrl":"https:\/\/www.kontakt.org.rs\/wp-content\/uploads\/2023\/01\/KONTAKT_23-header-logo-3.png","width":706,"height":71,"caption":"Kontakt konferencija"},"image":{"@id":"https:\/\/www.kontakt.org.rs\/#\/schema\/logo\/image\/"},"sameAs":["https:\/\/www.facebook.com\/KontaktBeograd\/","https:\/\/www.instagram.com\/kontakt_beograd\/"]},{"@type":"Person","@id":"https:\/\/www.kontakt.org.rs\/#\/schema\/person\/193c5a6980e93e18726f18f16d1c5144","name":"stagezin","image":{"@type":"ImageObject","inLanguage":"en-US","@id":"https:\/\/www.kontakt.org.rs\/#\/schema\/person\/image\/","url":"https:\/\/secure.gravatar.com\/avatar\/fe5d0c6bdd8618f9ac8c8c462d29382c403c4cc325e9178aa51e00822a4d5a8f?s=96&d=mm&r=g","contentUrl":"https:\/\/secure.gravatar.com\/avatar\/fe5d0c6bdd8618f9ac8c8c462d29382c403c4cc325e9178aa51e00822a4d5a8f?s=96&d=mm&r=g","caption":"stagezin"},"sameAs":["http:\/\/slike.getonthestage.com.getonthestage.com"],"url":"https:\/\/www.kontakt.org.rs\/en\/author\/stagezin\/"}]}},"_links":{"self":[{"href":"https:\/\/www.kontakt.org.rs\/en\/wp-json\/wp\/v2\/posts\/5022","targetHints":{"allow":["GET"]}}],"collection":[{"href":"https:\/\/www.kontakt.org.rs\/en\/wp-json\/wp\/v2\/posts"}],"about":[{"href":"https:\/\/www.kontakt.org.rs\/en\/wp-json\/wp\/v2\/types\/post"}],"author":[{"embeddable":true,"href":"https:\/\/www.kontakt.org.rs\/en\/wp-json\/wp\/v2\/users\/1"}],"replies":[{"embeddable":true,"href":"https:\/\/www.kontakt.org.rs\/en\/wp-json\/wp\/v2\/comments?post=5022"}],"version-history":[{"count":0,"href":"https:\/\/www.kontakt.org.rs\/en\/wp-json\/wp\/v2\/posts\/5022\/revisions"}],"wp:featuredmedia":[{"embeddable":true,"href":"https:\/\/www.kontakt.org.rs\/en\/wp-json\/wp\/v2\/media\/4971"}],"wp:attachment":[{"href":"https:\/\/www.kontakt.org.rs\/en\/wp-json\/wp\/v2\/media?parent=5022"}],"wp:term":[{"taxonomy":"category","embeddable":true,"href":"https:\/\/www.kontakt.org.rs\/en\/wp-json\/wp\/v2\/categories?post=5022"},{"taxonomy":"post_tag","embeddable":true,"href":"https:\/\/www.kontakt.org.rs\/en\/wp-json\/wp\/v2\/tags?post=5022"}],"curies":[{"name":"wp","href":"https:\/\/api.w.org\/{rel}","templated":true}]}}