{"id":4870,"date":"2022-10-14T15:42:22","date_gmt":"2022-10-14T13:42:22","guid":{"rendered":"https:\/\/www.kontakt.org.rs\/seventh-kontakt-conference-in-belgrade-from-23-to-25-march-2023\/"},"modified":"2022-10-14T15:42:22","modified_gmt":"2022-10-14T13:42:22","slug":"seventh-kontakt-conference-in-belgrade-from-23-to-25-march-2023","status":"publish","type":"post","link":"https:\/\/www.kontakt.org.rs\/en\/seventh-kontakt-conference-in-belgrade-from-23-to-25-march-2023\/","title":{"rendered":"SEVENTH KONTAKT CONFERENCE IN BELGRADE FROM 23 TO 25 MARCH 2023"},"content":{"rendered":"<div class=\"entry-content woodmart-entry-content\">\n<div class=\"yiv2743255253\"><span class=\"yiv2743255253\"><strong class=\"yiv2743255253\">Traditional Regional Meeting of Professionals from Creative Industries and Music Business<\/strong><br class=\"yiv2743255253\"><strong class=\"yiv2743255253\">SEVENTH KONTAKT CONFERENCE<\/strong><br class=\"yiv2743255253\"><strong class=\"yiv2743255253\">In Belgrade from 23 to 25 March 2023  <\/strong><\/span><\/div>\n<div><\/div>\n<div>\n<div class=\"yiv2743255253\"><span class=\"yiv2743255253\"><strong class=\"yiv2743255253\">Belgrade, 12\/10\/2022<\/strong> \u2013 The largest event of music industry professionals in the region, <strong class=\"yiv2743255253\">the Kontakt Conference, will be held for the seventh time in Belgrade. #Kontakt23 awaits us from 23 to 25 March 2023,   <\/strong> organized by the production company \u2018Kontakt konferencija\u2019, the concert agency Odli\u010dan Hr\u010dak and the Belgrade Festivals Centre \u2013 CEBEF, under the auspices of the city of Belgrade.<br class=\"yiv2743255253\"><br class=\"yiv2743255253\"><strong class=\"yiv2743255253\">#Kontakt23<\/strong> will once again make Belgrade the meeting centre for professionals from the music business in March. The new edition of Kontakt will feature forums, panels, creative workshops and public discussions aimed at further improving the work of all sectors that make up the creative industries and the entertainment industry. For the development and progress of this field, the constant cooperation of experts from our region is necessary, as well as the exchange of experiences and examples of good practice, and Kontakt will bring them all together again from 23 to 25 March 2023.    <br class=\"yiv2743255253\"><br class=\"yiv2743255253\">Contact has positioned itself as a platform for strengthening the cultural infrastructure of the region, and it <strong class=\"yiv2743255253\">operates throughout the year<\/strong>. Kontakt organized two Kontakt Sessions and a Kontakt Special, important cultural events resulting from the collaboration achieved after the official Kontakt Conference and Showcase Festival in March of this year. As part of the Kontakt Session series, the Turkish band Lalalar performed at the Drugstore in July, and in September, the pop music festival Vi\u0161e manje zauvijek was held at the same place in Belgrade, where current regional artists performed: Crvi, Logicka gre\u0161ka, Peki Pele, Tihi talas , Dolores, Niko Nikoli\u0107 and Rogi.   <br class=\"yiv2743255253\"><br class=\"yiv2743255253\">In cooperation with the Bunt show of the Radio and Television of Serbia, the music album \u2018<a class=\"yiv2743255253\" href=\"https:\/\/www.kontakt.org.rs\/dani-koji-izmicu\/\" target=\"_blank\" rel=\"nofollow noopener noreferrer\"><strong class=\"yiv2743255253\">Dani koji izmi\u010du<\/strong><\/a>\u2019 was released midyear \u2013 a promotional compilation of the Kontakt Conference, which represents one of the possible faces of the regional scene. <\/span><br class=\"yiv2743255253\"><br class=\"yiv2743255253\"><span class=\"yiv2743255253\">For additional information, the website <strong class=\"yiv2743255253\"><a class=\"yiv2743255253\" href=\"http:\/\/kontakt.org.rs\/\" target=\"_blank\" rel=\"nofollow noopener noreferrer\">kontakt.org.rs<\/a><\/strong>, <a class=\"yiv2743255253\" href=\"https:\/\/www.youtube.com\/channel\/UCay0G0P1vBTlX36aCz48xeQ\" target=\"_blank\" rel=\"nofollow noopener noreferrer\">youtube channel<\/a> of Kontakt, as well as social networks are available.<\/span><\/div>\n<\/div>\n<\/div>\n","protected":false},"excerpt":{"rendered":"<p>Traditional Regional Meeting of Professionals from Creative Industries and Music BusinessSEVENTH KONTAKT CONFERENCEIn Belgrade from 23 to<\/p>\n","protected":false},"author":1,"featured_media":3093,"comment_status":"closed","ping_status":"closed","sticky":false,"template":"","format":"standard","meta":{"footnotes":""},"categories":[79],"tags":[],"class_list":["post-4870","post","type-post","status-publish","format-standard","has-post-thumbnail","hentry","category-news-2023"],"yoast_head":"<!-- This site is optimized with the Yoast SEO plugin v24.6 - https:\/\/yoast.com\/wordpress\/plugins\/seo\/ -->\n<title>SEVENTH KONTAKT CONFERENCE IN BELGRADE FROM 23 TO 25 MARCH 2023 - Kontakt konferencija<\/title>\n<meta name=\"robots\" content=\"index, follow, max-snippet:-1, max-image-preview:large, max-video-preview:-1\" \/>\n<link rel=\"canonical\" href=\"https:\/\/www.kontakt.org.rs\/seventh-kontakt-conference-in-belgrade-from-23-to-25-march-2023\/?lang=en\" \/>\n<meta property=\"og:locale\" content=\"en_US\" \/>\n<meta property=\"og:type\" content=\"article\" \/>\n<meta property=\"og:title\" content=\"SEVENTH KONTAKT CONFERENCE IN BELGRADE FROM 23 TO 25 MARCH 2023 - Kontakt konferencija\" \/>\n<meta property=\"og:description\" content=\"Traditional Regional Meeting of Professionals from Creative Industries and Music BusinessSEVENTH KONTAKT CONFERENCEIn Belgrade from 23 to\" \/>\n<meta property=\"og:url\" content=\"https:\/\/www.kontakt.org.rs\/seventh-kontakt-conference-in-belgrade-from-23-to-25-march-2023\/?lang=en\" \/>\n<meta property=\"og:site_name\" content=\"Kontakt konferencija\" \/>\n<meta property=\"article:publisher\" content=\"https:\/\/www.facebook.com\/KontaktBeograd\/\" \/>\n<meta property=\"article:published_time\" content=\"2022-10-14T13:42:22+00:00\" \/>\n<meta property=\"og:image\" content=\"https:\/\/www.kontakt.org.rs\/wp-content\/uploads\/2022\/12\/FB_event_KONTAKT_2023_1920x1080.jpg\" \/>\n\t<meta property=\"og:image:width\" content=\"1920\" \/>\n\t<meta property=\"og:image:height\" content=\"1080\" \/>\n\t<meta property=\"og:image:type\" content=\"image\/jpeg\" \/>\n<meta name=\"author\" content=\"stagezin\" \/>\n<meta name=\"twitter:card\" content=\"summary_large_image\" \/>\n<meta name=\"twitter:label1\" content=\"Written by\" \/>\n\t<meta name=\"twitter:data1\" content=\"stagezin\" \/>\n\t<meta name=\"twitter:label2\" content=\"Est. reading time\" \/>\n\t<meta name=\"twitter:data2\" content=\"2 minutes\" \/>\n<script type=\"application\/ld+json\" class=\"yoast-schema-graph\">{\"@context\":\"https:\/\/schema.org\",\"@graph\":[{\"@type\":\"Article\",\"@id\":\"https:\/\/www.kontakt.org.rs\/seventh-kontakt-conference-in-belgrade-from-23-to-25-march-2023\/?lang=en#article\",\"isPartOf\":{\"@id\":\"https:\/\/www.kontakt.org.rs\/seventh-kontakt-conference-in-belgrade-from-23-to-25-march-2023\/?lang=en\"},\"author\":{\"name\":\"stagezin\",\"@id\":\"https:\/\/www.kontakt.org.rs\/#\/schema\/person\/193c5a6980e93e18726f18f16d1c5144\"},\"headline\":\"SEVENTH KONTAKT CONFERENCE IN BELGRADE FROM 23 TO 25 MARCH 2023\",\"datePublished\":\"2022-10-14T13:42:22+00:00\",\"mainEntityOfPage\":{\"@id\":\"https:\/\/www.kontakt.org.rs\/seventh-kontakt-conference-in-belgrade-from-23-to-25-march-2023\/?lang=en\"},\"wordCount\":340,\"publisher\":{\"@id\":\"https:\/\/www.kontakt.org.rs\/#organization\"},\"image\":{\"@id\":\"https:\/\/www.kontakt.org.rs\/seventh-kontakt-conference-in-belgrade-from-23-to-25-march-2023\/?lang=en#primaryimage\"},\"thumbnailUrl\":\"https:\/\/www.kontakt.org.rs\/wp-content\/uploads\/2022\/12\/FB_event_KONTAKT_2023_1920x1080.jpg\",\"articleSection\":[\"News 2023\"],\"inLanguage\":\"en-US\"},{\"@type\":\"WebPage\",\"@id\":\"https:\/\/www.kontakt.org.rs\/seventh-kontakt-conference-in-belgrade-from-23-to-25-march-2023\/?lang=en\",\"url\":\"https:\/\/www.kontakt.org.rs\/seventh-kontakt-conference-in-belgrade-from-23-to-25-march-2023\/?lang=en\",\"name\":\"SEVENTH KONTAKT CONFERENCE IN BELGRADE FROM 23 TO 25 MARCH 2023 - Kontakt konferencija\",\"isPartOf\":{\"@id\":\"https:\/\/www.kontakt.org.rs\/#website\"},\"primaryImageOfPage\":{\"@id\":\"https:\/\/www.kontakt.org.rs\/seventh-kontakt-conference-in-belgrade-from-23-to-25-march-2023\/?lang=en#primaryimage\"},\"image\":{\"@id\":\"https:\/\/www.kontakt.org.rs\/seventh-kontakt-conference-in-belgrade-from-23-to-25-march-2023\/?lang=en#primaryimage\"},\"thumbnailUrl\":\"https:\/\/www.kontakt.org.rs\/wp-content\/uploads\/2022\/12\/FB_event_KONTAKT_2023_1920x1080.jpg\",\"datePublished\":\"2022-10-14T13:42:22+00:00\",\"breadcrumb\":{\"@id\":\"https:\/\/www.kontakt.org.rs\/seventh-kontakt-conference-in-belgrade-from-23-to-25-march-2023\/?lang=en#breadcrumb\"},\"inLanguage\":\"en-US\",\"potentialAction\":[{\"@type\":\"ReadAction\",\"target\":[\"https:\/\/www.kontakt.org.rs\/seventh-kontakt-conference-in-belgrade-from-23-to-25-march-2023\/?lang=en\"]}]},{\"@type\":\"ImageObject\",\"inLanguage\":\"en-US\",\"@id\":\"https:\/\/www.kontakt.org.rs\/seventh-kontakt-conference-in-belgrade-from-23-to-25-march-2023\/?lang=en#primaryimage\",\"url\":\"https:\/\/www.kontakt.org.rs\/wp-content\/uploads\/2022\/12\/FB_event_KONTAKT_2023_1920x1080.jpg\",\"contentUrl\":\"https:\/\/www.kontakt.org.rs\/wp-content\/uploads\/2022\/12\/FB_event_KONTAKT_2023_1920x1080.jpg\",\"width\":1920,\"height\":1080},{\"@type\":\"BreadcrumbList\",\"@id\":\"https:\/\/www.kontakt.org.rs\/seventh-kontakt-conference-in-belgrade-from-23-to-25-march-2023\/?lang=en#breadcrumb\",\"itemListElement\":[{\"@type\":\"ListItem\",\"position\":1,\"name\":\"Home\",\"item\":\"https:\/\/www.kontakt.org.rs\/?lang=en\"},{\"@type\":\"ListItem\",\"position\":2,\"name\":\"SEVENTH KONTAKT CONFERENCE IN BELGRADE FROM 23 TO 25 MARCH 2023\"}]},{\"@type\":\"WebSite\",\"@id\":\"https:\/\/www.kontakt.org.rs\/#website\",\"url\":\"https:\/\/www.kontakt.org.rs\/\",\"name\":\"Kontakt konferencija\",\"description\":\"Kontakt 2023\",\"publisher\":{\"@id\":\"https:\/\/www.kontakt.org.rs\/#organization\"},\"potentialAction\":[{\"@type\":\"SearchAction\",\"target\":{\"@type\":\"EntryPoint\",\"urlTemplate\":\"https:\/\/www.kontakt.org.rs\/?s={search_term_string}\"},\"query-input\":{\"@type\":\"PropertyValueSpecification\",\"valueRequired\":true,\"valueName\":\"search_term_string\"}}],\"inLanguage\":\"en-US\"},{\"@type\":\"Organization\",\"@id\":\"https:\/\/www.kontakt.org.rs\/#organization\",\"name\":\"Kontakt konferencija\",\"url\":\"https:\/\/www.kontakt.org.rs\/\",\"logo\":{\"@type\":\"ImageObject\",\"inLanguage\":\"en-US\",\"@id\":\"https:\/\/www.kontakt.org.rs\/#\/schema\/logo\/image\/\",\"url\":\"https:\/\/www.kontakt.org.rs\/wp-content\/uploads\/2023\/01\/KONTAKT_23-header-logo-3.png\",\"contentUrl\":\"https:\/\/www.kontakt.org.rs\/wp-content\/uploads\/2023\/01\/KONTAKT_23-header-logo-3.png\",\"width\":706,\"height\":71,\"caption\":\"Kontakt konferencija\"},\"image\":{\"@id\":\"https:\/\/www.kontakt.org.rs\/#\/schema\/logo\/image\/\"},\"sameAs\":[\"https:\/\/www.facebook.com\/KontaktBeograd\/\",\"https:\/\/www.instagram.com\/kontakt_beograd\/\"]},{\"@type\":\"Person\",\"@id\":\"https:\/\/www.kontakt.org.rs\/#\/schema\/person\/193c5a6980e93e18726f18f16d1c5144\",\"name\":\"stagezin\",\"image\":{\"@type\":\"ImageObject\",\"inLanguage\":\"en-US\",\"@id\":\"https:\/\/www.kontakt.org.rs\/#\/schema\/person\/image\/\",\"url\":\"https:\/\/secure.gravatar.com\/avatar\/fe5d0c6bdd8618f9ac8c8c462d29382c403c4cc325e9178aa51e00822a4d5a8f?s=96&d=mm&r=g\",\"contentUrl\":\"https:\/\/secure.gravatar.com\/avatar\/fe5d0c6bdd8618f9ac8c8c462d29382c403c4cc325e9178aa51e00822a4d5a8f?s=96&d=mm&r=g\",\"caption\":\"stagezin\"},\"sameAs\":[\"http:\/\/slike.getonthestage.com.getonthestage.com\"],\"url\":\"https:\/\/www.kontakt.org.rs\/en\/author\/stagezin\/\"}]}<\/script>\n<!-- \/ Yoast SEO plugin. -->","yoast_head_json":{"title":"SEVENTH KONTAKT CONFERENCE IN BELGRADE FROM 23 TO 25 MARCH 2023 - Kontakt konferencija","robots":{"index":"index","follow":"follow","max-snippet":"max-snippet:-1","max-image-preview":"max-image-preview:large","max-video-preview":"max-video-preview:-1"},"canonical":"https:\/\/www.kontakt.org.rs\/seventh-kontakt-conference-in-belgrade-from-23-to-25-march-2023\/?lang=en","og_locale":"en_US","og_type":"article","og_title":"SEVENTH KONTAKT CONFERENCE IN BELGRADE FROM 23 TO 25 MARCH 2023 - Kontakt konferencija","og_description":"Traditional Regional Meeting of Professionals from Creative Industries and Music BusinessSEVENTH KONTAKT CONFERENCEIn Belgrade from 23 to","og_url":"https:\/\/www.kontakt.org.rs\/seventh-kontakt-conference-in-belgrade-from-23-to-25-march-2023\/?lang=en","og_site_name":"Kontakt konferencija","article_publisher":"https:\/\/www.facebook.com\/KontaktBeograd\/","article_published_time":"2022-10-14T13:42:22+00:00","og_image":[{"width":1920,"height":1080,"url":"https:\/\/www.kontakt.org.rs\/wp-content\/uploads\/2022\/12\/FB_event_KONTAKT_2023_1920x1080.jpg","type":"image\/jpeg"}],"author":"stagezin","twitter_card":"summary_large_image","twitter_misc":{"Written by":"stagezin","Est. reading time":"2 minutes"},"schema":{"@context":"https:\/\/schema.org","@graph":[{"@type":"Article","@id":"https:\/\/www.kontakt.org.rs\/seventh-kontakt-conference-in-belgrade-from-23-to-25-march-2023\/?lang=en#article","isPartOf":{"@id":"https:\/\/www.kontakt.org.rs\/seventh-kontakt-conference-in-belgrade-from-23-to-25-march-2023\/?lang=en"},"author":{"name":"stagezin","@id":"https:\/\/www.kontakt.org.rs\/#\/schema\/person\/193c5a6980e93e18726f18f16d1c5144"},"headline":"SEVENTH KONTAKT CONFERENCE IN BELGRADE FROM 23 TO 25 MARCH 2023","datePublished":"2022-10-14T13:42:22+00:00","mainEntityOfPage":{"@id":"https:\/\/www.kontakt.org.rs\/seventh-kontakt-conference-in-belgrade-from-23-to-25-march-2023\/?lang=en"},"wordCount":340,"publisher":{"@id":"https:\/\/www.kontakt.org.rs\/#organization"},"image":{"@id":"https:\/\/www.kontakt.org.rs\/seventh-kontakt-conference-in-belgrade-from-23-to-25-march-2023\/?lang=en#primaryimage"},"thumbnailUrl":"https:\/\/www.kontakt.org.rs\/wp-content\/uploads\/2022\/12\/FB_event_KONTAKT_2023_1920x1080.jpg","articleSection":["News 2023"],"inLanguage":"en-US"},{"@type":"WebPage","@id":"https:\/\/www.kontakt.org.rs\/seventh-kontakt-conference-in-belgrade-from-23-to-25-march-2023\/?lang=en","url":"https:\/\/www.kontakt.org.rs\/seventh-kontakt-conference-in-belgrade-from-23-to-25-march-2023\/?lang=en","name":"SEVENTH KONTAKT CONFERENCE IN BELGRADE FROM 23 TO 25 MARCH 2023 - Kontakt konferencija","isPartOf":{"@id":"https:\/\/www.kontakt.org.rs\/#website"},"primaryImageOfPage":{"@id":"https:\/\/www.kontakt.org.rs\/seventh-kontakt-conference-in-belgrade-from-23-to-25-march-2023\/?lang=en#primaryimage"},"image":{"@id":"https:\/\/www.kontakt.org.rs\/seventh-kontakt-conference-in-belgrade-from-23-to-25-march-2023\/?lang=en#primaryimage"},"thumbnailUrl":"https:\/\/www.kontakt.org.rs\/wp-content\/uploads\/2022\/12\/FB_event_KONTAKT_2023_1920x1080.jpg","datePublished":"2022-10-14T13:42:22+00:00","breadcrumb":{"@id":"https:\/\/www.kontakt.org.rs\/seventh-kontakt-conference-in-belgrade-from-23-to-25-march-2023\/?lang=en#breadcrumb"},"inLanguage":"en-US","potentialAction":[{"@type":"ReadAction","target":["https:\/\/www.kontakt.org.rs\/seventh-kontakt-conference-in-belgrade-from-23-to-25-march-2023\/?lang=en"]}]},{"@type":"ImageObject","inLanguage":"en-US","@id":"https:\/\/www.kontakt.org.rs\/seventh-kontakt-conference-in-belgrade-from-23-to-25-march-2023\/?lang=en#primaryimage","url":"https:\/\/www.kontakt.org.rs\/wp-content\/uploads\/2022\/12\/FB_event_KONTAKT_2023_1920x1080.jpg","contentUrl":"https:\/\/www.kontakt.org.rs\/wp-content\/uploads\/2022\/12\/FB_event_KONTAKT_2023_1920x1080.jpg","width":1920,"height":1080},{"@type":"BreadcrumbList","@id":"https:\/\/www.kontakt.org.rs\/seventh-kontakt-conference-in-belgrade-from-23-to-25-march-2023\/?lang=en#breadcrumb","itemListElement":[{"@type":"ListItem","position":1,"name":"Home","item":"https:\/\/www.kontakt.org.rs\/?lang=en"},{"@type":"ListItem","position":2,"name":"SEVENTH KONTAKT CONFERENCE IN BELGRADE FROM 23 TO 25 MARCH 2023"}]},{"@type":"WebSite","@id":"https:\/\/www.kontakt.org.rs\/#website","url":"https:\/\/www.kontakt.org.rs\/","name":"Kontakt konferencija","description":"Kontakt 2023","publisher":{"@id":"https:\/\/www.kontakt.org.rs\/#organization"},"potentialAction":[{"@type":"SearchAction","target":{"@type":"EntryPoint","urlTemplate":"https:\/\/www.kontakt.org.rs\/?s={search_term_string}"},"query-input":{"@type":"PropertyValueSpecification","valueRequired":true,"valueName":"search_term_string"}}],"inLanguage":"en-US"},{"@type":"Organization","@id":"https:\/\/www.kontakt.org.rs\/#organization","name":"Kontakt konferencija","url":"https:\/\/www.kontakt.org.rs\/","logo":{"@type":"ImageObject","inLanguage":"en-US","@id":"https:\/\/www.kontakt.org.rs\/#\/schema\/logo\/image\/","url":"https:\/\/www.kontakt.org.rs\/wp-content\/uploads\/2023\/01\/KONTAKT_23-header-logo-3.png","contentUrl":"https:\/\/www.kontakt.org.rs\/wp-content\/uploads\/2023\/01\/KONTAKT_23-header-logo-3.png","width":706,"height":71,"caption":"Kontakt konferencija"},"image":{"@id":"https:\/\/www.kontakt.org.rs\/#\/schema\/logo\/image\/"},"sameAs":["https:\/\/www.facebook.com\/KontaktBeograd\/","https:\/\/www.instagram.com\/kontakt_beograd\/"]},{"@type":"Person","@id":"https:\/\/www.kontakt.org.rs\/#\/schema\/person\/193c5a6980e93e18726f18f16d1c5144","name":"stagezin","image":{"@type":"ImageObject","inLanguage":"en-US","@id":"https:\/\/www.kontakt.org.rs\/#\/schema\/person\/image\/","url":"https:\/\/secure.gravatar.com\/avatar\/fe5d0c6bdd8618f9ac8c8c462d29382c403c4cc325e9178aa51e00822a4d5a8f?s=96&d=mm&r=g","contentUrl":"https:\/\/secure.gravatar.com\/avatar\/fe5d0c6bdd8618f9ac8c8c462d29382c403c4cc325e9178aa51e00822a4d5a8f?s=96&d=mm&r=g","caption":"stagezin"},"sameAs":["http:\/\/slike.getonthestage.com.getonthestage.com"],"url":"https:\/\/www.kontakt.org.rs\/en\/author\/stagezin\/"}]}},"_links":{"self":[{"href":"https:\/\/www.kontakt.org.rs\/en\/wp-json\/wp\/v2\/posts\/4870","targetHints":{"allow":["GET"]}}],"collection":[{"href":"https:\/\/www.kontakt.org.rs\/en\/wp-json\/wp\/v2\/posts"}],"about":[{"href":"https:\/\/www.kontakt.org.rs\/en\/wp-json\/wp\/v2\/types\/post"}],"author":[{"embeddable":true,"href":"https:\/\/www.kontakt.org.rs\/en\/wp-json\/wp\/v2\/users\/1"}],"replies":[{"embeddable":true,"href":"https:\/\/www.kontakt.org.rs\/en\/wp-json\/wp\/v2\/comments?post=4870"}],"version-history":[{"count":0,"href":"https:\/\/www.kontakt.org.rs\/en\/wp-json\/wp\/v2\/posts\/4870\/revisions"}],"wp:featuredmedia":[{"embeddable":true,"href":"https:\/\/www.kontakt.org.rs\/en\/wp-json\/wp\/v2\/media\/3093"}],"wp:attachment":[{"href":"https:\/\/www.kontakt.org.rs\/en\/wp-json\/wp\/v2\/media?parent=4870"}],"wp:term":[{"taxonomy":"category","embeddable":true,"href":"https:\/\/www.kontakt.org.rs\/en\/wp-json\/wp\/v2\/categories?post=4870"},{"taxonomy":"post_tag","embeddable":true,"href":"https:\/\/www.kontakt.org.rs\/en\/wp-json\/wp\/v2\/tags?post=4870"}],"curies":[{"name":"wp","href":"https:\/\/api.w.org\/{rel}","templated":true}]}}