{"id":4868,"date":"2023-03-16T15:32:27","date_gmt":"2023-03-16T14:32:27","guid":{"rendered":"https:\/\/www.kontakt.org.rs\/all-programme-sections-of-interactive-exhibition-dedicated-to-mitar-subotic-suba-announced-subasoba-at-seventh-kontakt-from-21-to-25-march\/"},"modified":"2023-03-16T15:32:27","modified_gmt":"2023-03-16T14:32:27","slug":"all-programme-sections-of-interactive-exhibition-dedicated-to-mitar-subotic-suba-announced-subasoba-at-seventh-kontakt-from-21-to-25-march","status":"publish","type":"post","link":"https:\/\/www.kontakt.org.rs\/en\/all-programme-sections-of-interactive-exhibition-dedicated-to-mitar-subotic-suba-announced-subasoba-at-seventh-kontakt-from-21-to-25-march\/","title":{"rendered":"ALL PROGRAMME SECTIONS OF INTERACTIVE EXHIBITION DEDICATED TO MITAR SUBOTI\u0106 SUBA ANNOUNCED SUBAsoba at Seventh Kontakt, from 21 to 25 March"},"content":{"rendered":"<p><b>SUBAsoba Interactive Installation at #Kontakt23<br \/>\n21 &#8211; 25. 21\u201325 March 2023 in the KULA Exhibition Space (Cetinjska 15)<br \/>\nFree Admission<\/b><\/p>\n<p>The <b>SUBAsoba<\/b> interactive installation, which caused great interest in Novi Sad in 2022, will be presented to the citizens of Belgrade. The work of Mitar Suboti\u0107 Suba, a musician, composer and producer, will be celebrated in the unusual Kula exhibition space at Cetinjska 15. The installation will be installed as a side programme of the Kontakt Music Conference, Showcase and Festival from 21 to 25 March 2023.     <\/p>\n<p>The installation consists of a permeation of different formats in the space of Kula at Cetinjska 15, with a side music programme that will be organized during the exhibition in Anti Shop Elektropionir, at the same address.<\/p>\n<p>The exhibition, which consists of photographs, documents, musical instruments and other artifacts from Suba&#8217;s life, was produced by the Mitar Suboti\u0107 Suba Foundation. The editors of the programme are Vera Kopicl and Branka Parli\u0107, the curator of the exhibition is Bosiljka Zirojevi\u0107 Le\u010di\u0107, and the producers are Igor Le\u010di\u0107 and Ivan Fece. <\/p>\n<p>An exhibition, sound installation, conversations, presentation of new releases, lectures, screenings of video works, jam sessions, DJ performances await us, namely:<\/p>\n<p><u><b>21 March<\/b><\/u><br \/>\n17.00 p.m., Kula<br \/>\n<b>Opening<\/b> of SUBAsoba \u2013 speaking: Rajko Bo\u017ei\u0107, Ru\u017ea Suboti\u0107 i Zoran Janjetov Janja; <b>guiding through the exhibition<\/b> \u2013 Ru\u017ea Suboti\u0107, Bosiljka Zirojevi\u0107 Le\u010di\u0107 i Zoran Janjetov Janja<\/p>\n<p>19.00 p.m., Anti Shop Elektropionir<br \/>\n<b>DJ Brka<\/b><\/p>\n<p><u><b>22 March<\/b><\/u><br \/>\n18.00 p.m., Kula<br \/>\nLecture <b>Thanx Mr. Rorschach<\/b> \u2013 musicologist Milan Milojkovi\u0107 (Novi Sad)<\/p>\n<p>19.00 p.m., Kula<br \/>\n<b>Suba&#8217;s Music Tonight: Conversation with Tijana T<\/b>; the conversation is led by Rajko Bo\u017ei\u0107<\/p>\n<p>20.00 p.m., Antishop Elektropionir<br \/>\n<b>Jam session<\/b>: Marina Perazi\u0107, Zoran Radomirovi\u0107 \u0160vaba, Dragoljub Ili\u0107 Ilke, Goran Tomanovi\u0107 Tole, Ivan Fece Fir\u010di<\/p>\n<p><u><b>23 March<\/b><\/u><br \/>\n18.00 p.m., Kula<br \/>\n<b>Professional Guidance through the Exhibition<\/b> \u2013 Ru\u017ea Suboti\u0107, Bosiljka Zirojevi\u0107 Le\u010di\u0107<\/p>\n<p>19.00 p.m., Kula<br \/>\n<b>Promotion of the CD SUBA: NOVI SAD<\/b> \u2013 participants: Ru\u017ea Suboti\u0107 and Zoran Janjetov Janja, moderator \u2013 Petar Janjatovi\u0107<\/p>\n<p><u><b>24 March<\/b><\/u><br \/>\n17.00 p.m., Kula<br \/>\n<b>Lecture Rex Ilusivii \/ Suba<\/b> <b>from 2013 to Eternity &#8211;  <\/b>publisher and curator Vladimir Ivkovi\u0107<\/p>\n<p>18.00 p.m., Kula<br \/>\n<b>Promotion of the Double Vinyl \u2018The Dreambird\u2019 by Mitar Suboti\u0107 Suba<\/b> and <b>Goran Vejvoda<\/b> \u2013 the vinyl is presented by Vladimir Ivkovi\u0107 and the Brazilian publisher Jo\u00e3o Visconde.<\/p>\n<p>19.00 p.m., Kula<br \/>\n<b>Video Works on Suba&#8217;s Music<\/b> \u2013 Neboj\u0161a Krivoku\u0107a<\/p>\n<p><b><u>25 March<\/u><\/b><br \/>\n17.00 p.m., Kula<br \/>\n<b>Suba and Friends<\/b> \u2013 Moma Rajin, Petar Janjatovi\u0107, Aleksandar \u017diki\u0107, Marina Perazi\u0107, Igor Popovi\u0107, Ivane Fece Fir\u010di, moderator \u2013 Neboj\u0161a Krivoku\u0107a<\/p>\n<p>19.00 p.m., Kula<br \/>\n<b>Suba&#8217;s Music in SUBAsoba<\/b> \u2013 Vladimir Ivkovi\u0107<\/p>\n<p>&#8212;&#8212;&#8212;&#8212;&#8212;&#8212;&#8212;&#8211;<br \/>\nthe Kontakt Conference, Showcase and Festival will be held for the seventh time in Belgrade. #Kontakt23 awaits us from 23 to 25 March 2023,    organized by the production company \u201cKontakt konferencija\u201d, the promoter company Odli\u010dan Hr\u010dak and the Center of Belgrade Festivals \u2013 CEBEF, under the patronage of the city of Belgrade.<\/p>\n<p>#Kontakt23 will once again make Belgrade a meeting centre for professionals from the music business in March. The new edition of Kontakt will feature concerts, exhibitions, forums, panels, creative workshops and public discussions aimed at further improving the work of all sectors that make up the creative industries and the entertainment industry. <\/p>\n","protected":false},"excerpt":{"rendered":"<p>SUBAsoba Interactive Installation at #Kontakt23 21 &#8211; 25. 21\u201325 March 2023 in the KULA Exhibition Space (Cetinjska<\/p>\n","protected":false},"author":1,"featured_media":4554,"comment_status":"closed","ping_status":"closed","sticky":false,"template":"","format":"standard","meta":{"footnotes":""},"categories":[79],"tags":[],"class_list":["post-4868","post","type-post","status-publish","format-standard","has-post-thumbnail","hentry","category-news-2023"],"yoast_head":"<!-- This site is optimized with the Yoast SEO plugin v24.6 - https:\/\/yoast.com\/wordpress\/plugins\/seo\/ -->\n<title>ALL PROGRAMME SECTIONS OF INTERACTIVE EXHIBITION DEDICATED TO MITAR SUBOTI\u0106 SUBA ANNOUNCED SUBAsoba at Seventh Kontakt, from 21 to 25 March - Kontakt konferencija<\/title>\n<meta name=\"robots\" content=\"index, follow, max-snippet:-1, max-image-preview:large, max-video-preview:-1\" \/>\n<link rel=\"canonical\" href=\"https:\/\/www.kontakt.org.rs\/poznate-su-sve-programske-celine-interaktivne-izlozbe-posvecene-mitru-suboticu-subi-subasoba-na-sedmom-kontaktu-od-21-do-25-marta\/\" \/>\n<meta property=\"og:locale\" content=\"en_US\" \/>\n<meta property=\"og:type\" content=\"article\" \/>\n<meta property=\"og:title\" content=\"ALL PROGRAMME SECTIONS OF INTERACTIVE EXHIBITION DEDICATED TO MITAR SUBOTI\u0106 SUBA ANNOUNCED SUBAsoba at Seventh Kontakt, from 21 to 25 March - Kontakt konferencija\" \/>\n<meta property=\"og:description\" content=\"SUBAsoba Interactive Installation at #Kontakt23 21 &#8211; 25. 21\u201325 March 2023 in the KULA Exhibition Space (Cetinjska\" \/>\n<meta property=\"og:url\" content=\"https:\/\/www.kontakt.org.rs\/poznate-su-sve-programske-celine-interaktivne-izlozbe-posvecene-mitru-suboticu-subi-subasoba-na-sedmom-kontaktu-od-21-do-25-marta\/\" \/>\n<meta property=\"og:site_name\" content=\"Kontakt konferencija\" \/>\n<meta property=\"article:publisher\" content=\"https:\/\/www.facebook.com\/KontaktBeograd\/\" \/>\n<meta property=\"article:published_time\" content=\"2023-03-16T14:32:27+00:00\" \/>\n<meta property=\"og:image\" content=\"https:\/\/www.kontakt.org.rs\/wp-content\/uploads\/2023\/03\/mail-1.jpg\" \/>\n\t<meta property=\"og:image:width\" content=\"1920\" \/>\n\t<meta property=\"og:image:height\" content=\"1080\" \/>\n\t<meta property=\"og:image:type\" content=\"image\/jpeg\" \/>\n<meta name=\"author\" content=\"stagezin\" \/>\n<meta name=\"twitter:card\" content=\"summary_large_image\" \/>\n<meta name=\"twitter:label1\" content=\"Written by\" \/>\n\t<meta name=\"twitter:data1\" content=\"stagezin\" \/>\n\t<meta name=\"twitter:label2\" content=\"Est. reading time\" \/>\n\t<meta name=\"twitter:data2\" content=\"3 minutes\" \/>\n<script type=\"application\/ld+json\" class=\"yoast-schema-graph\">{\"@context\":\"https:\/\/schema.org\",\"@graph\":[{\"@type\":\"Article\",\"@id\":\"https:\/\/www.kontakt.org.rs\/poznate-su-sve-programske-celine-interaktivne-izlozbe-posvecene-mitru-suboticu-subi-subasoba-na-sedmom-kontaktu-od-21-do-25-marta\/#article\",\"isPartOf\":{\"@id\":\"https:\/\/www.kontakt.org.rs\/poznate-su-sve-programske-celine-interaktivne-izlozbe-posvecene-mitru-suboticu-subi-subasoba-na-sedmom-kontaktu-od-21-do-25-marta\/\"},\"author\":{\"name\":\"stagezin\",\"@id\":\"https:\/\/www.kontakt.org.rs\/#\/schema\/person\/193c5a6980e93e18726f18f16d1c5144\"},\"headline\":\"ALL PROGRAMME SECTIONS OF INTERACTIVE EXHIBITION DEDICATED TO MITAR SUBOTI\u0106 SUBA ANNOUNCED SUBAsoba at Seventh Kontakt, from 21 to 25 March\",\"datePublished\":\"2023-03-16T14:32:27+00:00\",\"mainEntityOfPage\":{\"@id\":\"https:\/\/www.kontakt.org.rs\/poznate-su-sve-programske-celine-interaktivne-izlozbe-posvecene-mitru-suboticu-subi-subasoba-na-sedmom-kontaktu-od-21-do-25-marta\/\"},\"wordCount\":538,\"publisher\":{\"@id\":\"https:\/\/www.kontakt.org.rs\/#organization\"},\"image\":{\"@id\":\"https:\/\/www.kontakt.org.rs\/poznate-su-sve-programske-celine-interaktivne-izlozbe-posvecene-mitru-suboticu-subi-subasoba-na-sedmom-kontaktu-od-21-do-25-marta\/#primaryimage\"},\"thumbnailUrl\":\"https:\/\/www.kontakt.org.rs\/wp-content\/uploads\/2023\/03\/mail-1.jpg\",\"articleSection\":[\"News 2023\"],\"inLanguage\":\"en-US\"},{\"@type\":\"WebPage\",\"@id\":\"https:\/\/www.kontakt.org.rs\/poznate-su-sve-programske-celine-interaktivne-izlozbe-posvecene-mitru-suboticu-subi-subasoba-na-sedmom-kontaktu-od-21-do-25-marta\/\",\"url\":\"https:\/\/www.kontakt.org.rs\/poznate-su-sve-programske-celine-interaktivne-izlozbe-posvecene-mitru-suboticu-subi-subasoba-na-sedmom-kontaktu-od-21-do-25-marta\/\",\"name\":\"ALL PROGRAMME SECTIONS OF INTERACTIVE EXHIBITION DEDICATED TO MITAR SUBOTI\u0106 SUBA ANNOUNCED SUBAsoba at Seventh Kontakt, from 21 to 25 March - Kontakt konferencija\",\"isPartOf\":{\"@id\":\"https:\/\/www.kontakt.org.rs\/#website\"},\"primaryImageOfPage\":{\"@id\":\"https:\/\/www.kontakt.org.rs\/poznate-su-sve-programske-celine-interaktivne-izlozbe-posvecene-mitru-suboticu-subi-subasoba-na-sedmom-kontaktu-od-21-do-25-marta\/#primaryimage\"},\"image\":{\"@id\":\"https:\/\/www.kontakt.org.rs\/poznate-su-sve-programske-celine-interaktivne-izlozbe-posvecene-mitru-suboticu-subi-subasoba-na-sedmom-kontaktu-od-21-do-25-marta\/#primaryimage\"},\"thumbnailUrl\":\"https:\/\/www.kontakt.org.rs\/wp-content\/uploads\/2023\/03\/mail-1.jpg\",\"datePublished\":\"2023-03-16T14:32:27+00:00\",\"breadcrumb\":{\"@id\":\"https:\/\/www.kontakt.org.rs\/poznate-su-sve-programske-celine-interaktivne-izlozbe-posvecene-mitru-suboticu-subi-subasoba-na-sedmom-kontaktu-od-21-do-25-marta\/#breadcrumb\"},\"inLanguage\":\"en-US\",\"potentialAction\":[{\"@type\":\"ReadAction\",\"target\":[\"https:\/\/www.kontakt.org.rs\/poznate-su-sve-programske-celine-interaktivne-izlozbe-posvecene-mitru-suboticu-subi-subasoba-na-sedmom-kontaktu-od-21-do-25-marta\/\"]}]},{\"@type\":\"ImageObject\",\"inLanguage\":\"en-US\",\"@id\":\"https:\/\/www.kontakt.org.rs\/poznate-su-sve-programske-celine-interaktivne-izlozbe-posvecene-mitru-suboticu-subi-subasoba-na-sedmom-kontaktu-od-21-do-25-marta\/#primaryimage\",\"url\":\"https:\/\/www.kontakt.org.rs\/wp-content\/uploads\/2023\/03\/mail-1.jpg\",\"contentUrl\":\"https:\/\/www.kontakt.org.rs\/wp-content\/uploads\/2023\/03\/mail-1.jpg\",\"width\":1920,\"height\":1080},{\"@type\":\"BreadcrumbList\",\"@id\":\"https:\/\/www.kontakt.org.rs\/poznate-su-sve-programske-celine-interaktivne-izlozbe-posvecene-mitru-suboticu-subi-subasoba-na-sedmom-kontaktu-od-21-do-25-marta\/#breadcrumb\",\"itemListElement\":[{\"@type\":\"ListItem\",\"position\":1,\"name\":\"Home\",\"item\":\"https:\/\/www.kontakt.org.rs\/?lang=en\"},{\"@type\":\"ListItem\",\"position\":2,\"name\":\"ALL PROGRAMME SECTIONS OF INTERACTIVE EXHIBITION DEDICATED TO MITAR SUBOTI\u0106 SUBA ANNOUNCED SUBAsoba at Seventh Kontakt, from 21 to 25 March\"}]},{\"@type\":\"WebSite\",\"@id\":\"https:\/\/www.kontakt.org.rs\/#website\",\"url\":\"https:\/\/www.kontakt.org.rs\/\",\"name\":\"Kontakt konferencija\",\"description\":\"Kontakt 2023\",\"publisher\":{\"@id\":\"https:\/\/www.kontakt.org.rs\/#organization\"},\"potentialAction\":[{\"@type\":\"SearchAction\",\"target\":{\"@type\":\"EntryPoint\",\"urlTemplate\":\"https:\/\/www.kontakt.org.rs\/?s={search_term_string}\"},\"query-input\":{\"@type\":\"PropertyValueSpecification\",\"valueRequired\":true,\"valueName\":\"search_term_string\"}}],\"inLanguage\":\"en-US\"},{\"@type\":\"Organization\",\"@id\":\"https:\/\/www.kontakt.org.rs\/#organization\",\"name\":\"Kontakt konferencija\",\"url\":\"https:\/\/www.kontakt.org.rs\/\",\"logo\":{\"@type\":\"ImageObject\",\"inLanguage\":\"en-US\",\"@id\":\"https:\/\/www.kontakt.org.rs\/#\/schema\/logo\/image\/\",\"url\":\"https:\/\/www.kontakt.org.rs\/wp-content\/uploads\/2023\/01\/KONTAKT_23-header-logo-3.png\",\"contentUrl\":\"https:\/\/www.kontakt.org.rs\/wp-content\/uploads\/2023\/01\/KONTAKT_23-header-logo-3.png\",\"width\":706,\"height\":71,\"caption\":\"Kontakt konferencija\"},\"image\":{\"@id\":\"https:\/\/www.kontakt.org.rs\/#\/schema\/logo\/image\/\"},\"sameAs\":[\"https:\/\/www.facebook.com\/KontaktBeograd\/\",\"https:\/\/www.instagram.com\/kontakt_beograd\/\"]},{\"@type\":\"Person\",\"@id\":\"https:\/\/www.kontakt.org.rs\/#\/schema\/person\/193c5a6980e93e18726f18f16d1c5144\",\"name\":\"stagezin\",\"image\":{\"@type\":\"ImageObject\",\"inLanguage\":\"en-US\",\"@id\":\"https:\/\/www.kontakt.org.rs\/#\/schema\/person\/image\/\",\"url\":\"https:\/\/secure.gravatar.com\/avatar\/fe5d0c6bdd8618f9ac8c8c462d29382c403c4cc325e9178aa51e00822a4d5a8f?s=96&d=mm&r=g\",\"contentUrl\":\"https:\/\/secure.gravatar.com\/avatar\/fe5d0c6bdd8618f9ac8c8c462d29382c403c4cc325e9178aa51e00822a4d5a8f?s=96&d=mm&r=g\",\"caption\":\"stagezin\"},\"sameAs\":[\"http:\/\/slike.getonthestage.com.getonthestage.com\"],\"url\":\"https:\/\/www.kontakt.org.rs\/en\/author\/stagezin\/\"}]}<\/script>\n<!-- \/ Yoast SEO plugin. -->","yoast_head_json":{"title":"ALL PROGRAMME SECTIONS OF INTERACTIVE EXHIBITION DEDICATED TO MITAR SUBOTI\u0106 SUBA ANNOUNCED SUBAsoba at Seventh Kontakt, from 21 to 25 March - Kontakt konferencija","robots":{"index":"index","follow":"follow","max-snippet":"max-snippet:-1","max-image-preview":"max-image-preview:large","max-video-preview":"max-video-preview:-1"},"canonical":"https:\/\/www.kontakt.org.rs\/poznate-su-sve-programske-celine-interaktivne-izlozbe-posvecene-mitru-suboticu-subi-subasoba-na-sedmom-kontaktu-od-21-do-25-marta\/","og_locale":"en_US","og_type":"article","og_title":"ALL PROGRAMME SECTIONS OF INTERACTIVE EXHIBITION DEDICATED TO MITAR SUBOTI\u0106 SUBA ANNOUNCED SUBAsoba at Seventh Kontakt, from 21 to 25 March - Kontakt konferencija","og_description":"SUBAsoba Interactive Installation at #Kontakt23 21 &#8211; 25. 21\u201325 March 2023 in the KULA Exhibition Space (Cetinjska","og_url":"https:\/\/www.kontakt.org.rs\/poznate-su-sve-programske-celine-interaktivne-izlozbe-posvecene-mitru-suboticu-subi-subasoba-na-sedmom-kontaktu-od-21-do-25-marta\/","og_site_name":"Kontakt konferencija","article_publisher":"https:\/\/www.facebook.com\/KontaktBeograd\/","article_published_time":"2023-03-16T14:32:27+00:00","og_image":[{"width":1920,"height":1080,"url":"https:\/\/www.kontakt.org.rs\/wp-content\/uploads\/2023\/03\/mail-1.jpg","type":"image\/jpeg"}],"author":"stagezin","twitter_card":"summary_large_image","twitter_misc":{"Written by":"stagezin","Est. reading time":"3 minutes"},"schema":{"@context":"https:\/\/schema.org","@graph":[{"@type":"Article","@id":"https:\/\/www.kontakt.org.rs\/poznate-su-sve-programske-celine-interaktivne-izlozbe-posvecene-mitru-suboticu-subi-subasoba-na-sedmom-kontaktu-od-21-do-25-marta\/#article","isPartOf":{"@id":"https:\/\/www.kontakt.org.rs\/poznate-su-sve-programske-celine-interaktivne-izlozbe-posvecene-mitru-suboticu-subi-subasoba-na-sedmom-kontaktu-od-21-do-25-marta\/"},"author":{"name":"stagezin","@id":"https:\/\/www.kontakt.org.rs\/#\/schema\/person\/193c5a6980e93e18726f18f16d1c5144"},"headline":"ALL PROGRAMME SECTIONS OF INTERACTIVE EXHIBITION DEDICATED TO MITAR SUBOTI\u0106 SUBA ANNOUNCED SUBAsoba at Seventh Kontakt, from 21 to 25 March","datePublished":"2023-03-16T14:32:27+00:00","mainEntityOfPage":{"@id":"https:\/\/www.kontakt.org.rs\/poznate-su-sve-programske-celine-interaktivne-izlozbe-posvecene-mitru-suboticu-subi-subasoba-na-sedmom-kontaktu-od-21-do-25-marta\/"},"wordCount":538,"publisher":{"@id":"https:\/\/www.kontakt.org.rs\/#organization"},"image":{"@id":"https:\/\/www.kontakt.org.rs\/poznate-su-sve-programske-celine-interaktivne-izlozbe-posvecene-mitru-suboticu-subi-subasoba-na-sedmom-kontaktu-od-21-do-25-marta\/#primaryimage"},"thumbnailUrl":"https:\/\/www.kontakt.org.rs\/wp-content\/uploads\/2023\/03\/mail-1.jpg","articleSection":["News 2023"],"inLanguage":"en-US"},{"@type":"WebPage","@id":"https:\/\/www.kontakt.org.rs\/poznate-su-sve-programske-celine-interaktivne-izlozbe-posvecene-mitru-suboticu-subi-subasoba-na-sedmom-kontaktu-od-21-do-25-marta\/","url":"https:\/\/www.kontakt.org.rs\/poznate-su-sve-programske-celine-interaktivne-izlozbe-posvecene-mitru-suboticu-subi-subasoba-na-sedmom-kontaktu-od-21-do-25-marta\/","name":"ALL PROGRAMME SECTIONS OF INTERACTIVE EXHIBITION DEDICATED TO MITAR SUBOTI\u0106 SUBA ANNOUNCED SUBAsoba at Seventh Kontakt, from 21 to 25 March - Kontakt konferencija","isPartOf":{"@id":"https:\/\/www.kontakt.org.rs\/#website"},"primaryImageOfPage":{"@id":"https:\/\/www.kontakt.org.rs\/poznate-su-sve-programske-celine-interaktivne-izlozbe-posvecene-mitru-suboticu-subi-subasoba-na-sedmom-kontaktu-od-21-do-25-marta\/#primaryimage"},"image":{"@id":"https:\/\/www.kontakt.org.rs\/poznate-su-sve-programske-celine-interaktivne-izlozbe-posvecene-mitru-suboticu-subi-subasoba-na-sedmom-kontaktu-od-21-do-25-marta\/#primaryimage"},"thumbnailUrl":"https:\/\/www.kontakt.org.rs\/wp-content\/uploads\/2023\/03\/mail-1.jpg","datePublished":"2023-03-16T14:32:27+00:00","breadcrumb":{"@id":"https:\/\/www.kontakt.org.rs\/poznate-su-sve-programske-celine-interaktivne-izlozbe-posvecene-mitru-suboticu-subi-subasoba-na-sedmom-kontaktu-od-21-do-25-marta\/#breadcrumb"},"inLanguage":"en-US","potentialAction":[{"@type":"ReadAction","target":["https:\/\/www.kontakt.org.rs\/poznate-su-sve-programske-celine-interaktivne-izlozbe-posvecene-mitru-suboticu-subi-subasoba-na-sedmom-kontaktu-od-21-do-25-marta\/"]}]},{"@type":"ImageObject","inLanguage":"en-US","@id":"https:\/\/www.kontakt.org.rs\/poznate-su-sve-programske-celine-interaktivne-izlozbe-posvecene-mitru-suboticu-subi-subasoba-na-sedmom-kontaktu-od-21-do-25-marta\/#primaryimage","url":"https:\/\/www.kontakt.org.rs\/wp-content\/uploads\/2023\/03\/mail-1.jpg","contentUrl":"https:\/\/www.kontakt.org.rs\/wp-content\/uploads\/2023\/03\/mail-1.jpg","width":1920,"height":1080},{"@type":"BreadcrumbList","@id":"https:\/\/www.kontakt.org.rs\/poznate-su-sve-programske-celine-interaktivne-izlozbe-posvecene-mitru-suboticu-subi-subasoba-na-sedmom-kontaktu-od-21-do-25-marta\/#breadcrumb","itemListElement":[{"@type":"ListItem","position":1,"name":"Home","item":"https:\/\/www.kontakt.org.rs\/?lang=en"},{"@type":"ListItem","position":2,"name":"ALL PROGRAMME SECTIONS OF INTERACTIVE EXHIBITION DEDICATED TO MITAR SUBOTI\u0106 SUBA ANNOUNCED SUBAsoba at Seventh Kontakt, from 21 to 25 March"}]},{"@type":"WebSite","@id":"https:\/\/www.kontakt.org.rs\/#website","url":"https:\/\/www.kontakt.org.rs\/","name":"Kontakt konferencija","description":"Kontakt 2023","publisher":{"@id":"https:\/\/www.kontakt.org.rs\/#organization"},"potentialAction":[{"@type":"SearchAction","target":{"@type":"EntryPoint","urlTemplate":"https:\/\/www.kontakt.org.rs\/?s={search_term_string}"},"query-input":{"@type":"PropertyValueSpecification","valueRequired":true,"valueName":"search_term_string"}}],"inLanguage":"en-US"},{"@type":"Organization","@id":"https:\/\/www.kontakt.org.rs\/#organization","name":"Kontakt konferencija","url":"https:\/\/www.kontakt.org.rs\/","logo":{"@type":"ImageObject","inLanguage":"en-US","@id":"https:\/\/www.kontakt.org.rs\/#\/schema\/logo\/image\/","url":"https:\/\/www.kontakt.org.rs\/wp-content\/uploads\/2023\/01\/KONTAKT_23-header-logo-3.png","contentUrl":"https:\/\/www.kontakt.org.rs\/wp-content\/uploads\/2023\/01\/KONTAKT_23-header-logo-3.png","width":706,"height":71,"caption":"Kontakt konferencija"},"image":{"@id":"https:\/\/www.kontakt.org.rs\/#\/schema\/logo\/image\/"},"sameAs":["https:\/\/www.facebook.com\/KontaktBeograd\/","https:\/\/www.instagram.com\/kontakt_beograd\/"]},{"@type":"Person","@id":"https:\/\/www.kontakt.org.rs\/#\/schema\/person\/193c5a6980e93e18726f18f16d1c5144","name":"stagezin","image":{"@type":"ImageObject","inLanguage":"en-US","@id":"https:\/\/www.kontakt.org.rs\/#\/schema\/person\/image\/","url":"https:\/\/secure.gravatar.com\/avatar\/fe5d0c6bdd8618f9ac8c8c462d29382c403c4cc325e9178aa51e00822a4d5a8f?s=96&d=mm&r=g","contentUrl":"https:\/\/secure.gravatar.com\/avatar\/fe5d0c6bdd8618f9ac8c8c462d29382c403c4cc325e9178aa51e00822a4d5a8f?s=96&d=mm&r=g","caption":"stagezin"},"sameAs":["http:\/\/slike.getonthestage.com.getonthestage.com"],"url":"https:\/\/www.kontakt.org.rs\/en\/author\/stagezin\/"}]}},"_links":{"self":[{"href":"https:\/\/www.kontakt.org.rs\/en\/wp-json\/wp\/v2\/posts\/4868","targetHints":{"allow":["GET"]}}],"collection":[{"href":"https:\/\/www.kontakt.org.rs\/en\/wp-json\/wp\/v2\/posts"}],"about":[{"href":"https:\/\/www.kontakt.org.rs\/en\/wp-json\/wp\/v2\/types\/post"}],"author":[{"embeddable":true,"href":"https:\/\/www.kontakt.org.rs\/en\/wp-json\/wp\/v2\/users\/1"}],"replies":[{"embeddable":true,"href":"https:\/\/www.kontakt.org.rs\/en\/wp-json\/wp\/v2\/comments?post=4868"}],"version-history":[{"count":0,"href":"https:\/\/www.kontakt.org.rs\/en\/wp-json\/wp\/v2\/posts\/4868\/revisions"}],"wp:featuredmedia":[{"embeddable":true,"href":"https:\/\/www.kontakt.org.rs\/en\/wp-json\/wp\/v2\/media\/4554"}],"wp:attachment":[{"href":"https:\/\/www.kontakt.org.rs\/en\/wp-json\/wp\/v2\/media?parent=4868"}],"wp:term":[{"taxonomy":"category","embeddable":true,"href":"https:\/\/www.kontakt.org.rs\/en\/wp-json\/wp\/v2\/categories?post=4868"},{"taxonomy":"post_tag","embeddable":true,"href":"https:\/\/www.kontakt.org.rs\/en\/wp-json\/wp\/v2\/tags?post=4868"}],"curies":[{"name":"wp","href":"https:\/\/api.w.org\/{rel}","templated":true}]}}