{"id":4861,"date":"2023-03-06T14:04:32","date_gmt":"2023-03-06T13:04:32","guid":{"rendered":"https:\/\/www.kontakt.org.rs\/mr-lee-ivanesky-for-the-first-time-at-the-opening-of-kontakt-on-23-march\/"},"modified":"2023-03-06T14:04:32","modified_gmt":"2023-03-06T13:04:32","slug":"mr-lee-ivanesky-for-the-first-time-at-the-opening-of-kontakt-on-23-march","status":"publish","type":"post","link":"https:\/\/www.kontakt.org.rs\/en\/mr-lee-ivanesky-for-the-first-time-at-the-opening-of-kontakt-on-23-march\/","title":{"rendered":"MR. LEE &amp; IVANESKY FOR THE FIRST TIME AT THE OPENING OF KONTAKT ON 23 MARCH"},"content":{"rendered":"<div><b>MR. LEE &amp; IVANESKY FOR THE FIRST TIME AT THE OPENING OF KONTAKT ON 23 MARCH<br \/>\n23 March, 8 p.m.<\/b><\/div>\n<div>\nTickets: 1,200 RSD at Ticket Vision sales points and <a href=\"http:\/\/tickets.rs\" target=\"_blank\" rel=\"nofollow noopener noreferrer\">tickets.rs<\/a><\/div>\n<div>Mr. Lee &amp; IvaneSky are coming to Belgrade for the first time and will present themselves in full live lineup in the format of a real supergroup which, along with Ivanka and Mrle, also include members of Let 3 and Paraf.<\/div>\n<div>The musical collective Mr. Lee &amp; IvaneSky, backed by life and musical partners Ivanka Mazurkijevi\u0107 and Damir Martinovi\u0107 Mrle, will finally present themselves to the Belgrade audience in full live lineup, as part of the Kontakt Music Conference, Showcase and Festival. They are preparing an exclusive performance at Anti Shop Elektropionir. <\/div>\n<div>Due to their unique creative art approach, Mr. Lee &amp; IvaneSky undoubtedly deserve a place on the world stage, which was recognized by the umbrella European Independent Music Companies Association \u2013 IMPALA, when last year they were included in the list of 100 independent European artists whose careers should be followed.<\/div>\n<div>Musical eclecticism, brilliant rearrangement and merging of genres in the creation and performance of music, Mrle&#8217;s sound installations and pioneering musical patents that work perfectly even outside the framework of the performances themselves, which they are also a part of, as well as their accompanying musical representation that could easily play on any of world scenes led by Ivanka and Mrle, which like magnets attract and unite unique creative people and artists of various profiles, is a unique phenomenon on our meridians and parallels.<\/div>\n<div>Mrle and Ivanka have been present on the music scene for a long time: Mrle first of all as the driving force of Let 3, and before that a member of the cult Rijeka band Termiti, and Ivanka as a singer and face of the favorite art pop group Stampedo. The story began with their engagement on the soundtrack of the film \u2018Sonja and the Bull\u2019 (Sonja i bik, 2012), and a year later they signed the soundtrack of another hit film \u2018Cowboys\u2019 (Kauboji, 2013). The official birth of Mr. Lee &amp; IvaneSky resulted in the acclaimed debut album \u2018Colors\u2019 (2016), followed by \u2018Sailor\u2019 (2019) and \u2018I&#8217;m Alive\u2019 (2021) as well as the current album \u2018Magelli\u2019, a release that skillfully combines music and theatre, this time in honor of one of the most respected directors of this region, Paolo Magelli, with whom they have been collaborating on a series of performances for more than a decade.  <\/div>\n<div>Mr. Lee &amp; IvaneSky push boundaries and use different art forms with every album, live performance and video they release. In their artistic expression, they combine different styles: from atmospheric theatre and film music, cabaret and jazz to experimental rock, electro, pop-punk and classical music, as well as innovative sounds created from new unusual instruments that Mrle creates sometimes just to get one specific sound or the tone for a specific song such as his project of recording the sound of his hometown Rijeka (2020 European Capital of Culture), for their album and project \u2018Sailor\u2019. <\/div>\n<div>2021. In 2021, Mr. Lee &amp; IvaneSky released their third studio album \u2018I&#8217;m Alive\u2019, inspired by the music they created for the avant-garde play of the \u017dak Valenta Modern Dance Theatre and Trafik Production, conceived as a tribute to Michael Clarke and the punk revolution. This album received praise from critics and the entire cultural scene. The leading single and music video \u2018Hello, How Low\u2019 were also presented to the public by Mrle&#8217;s new alter ego \u2013 DJ Demian, who came to life to present his creative electronic expression. The video for \u2018Hello, How Low\u2019 was directed by Sa\u0161a Hess, a famous Slovenian photographer and director, with whom Mr. Lee &amp; IvaneSky have already made the notable videos \u2018A Good Actor\u2019, \u2018Sailor\u2019 and \u2018Gundruck\u2019.   <\/div>\n<div>In the same year, in addition to releasing a new album and several revolutionary videos, Mr. Lee &amp; IvaneSky represented Croatia at the international Art&#8217;s Birthday project, with the \u2018Sailor\u2019 project, and created music for the theatre play \u2018I Am the One Who I am Not\u2019 (Ja sam ona koja nisam) by Paolo Magelli, released under the signature of Ivanka and Mrle, what also led to the release of the aforementioned \u2018Magelli\u2019 edition, which was recently also released on vinyl.<\/div>\n<div>Mr. Lee &amp; IvaneSky are coming to Belgrade for the first time and will present themselves in full live lineup in the format of a real supergroup as part of the Kontakt Music Conference, Showcase and Festival, on 23 March at Anti Shop Elektropionir. Along with Mrle on bass, loops, samples and sound installations and Ivanka Mazurkijevi\u0107 on vocals, there are also Dra\u017een Baljak (Let 3) and Vlado Simcich Vava (Turisti, Paraf, ex-Laufer) on guitars, as well as Ivan Boj\u010di\u0107 (Let 3) on the drum. As a special guest, Zoran Prodanovi\u0107 Prlja, vocalist of Let 3, will appear in their joint single \u2018Tvoje su misli Eiffelov toranj\u2019.   <\/div>\n<div>All this is a guarantee for a real art spectacle, a feast for the eyes and ears and an example of a top musical and stage artistic project that you must not miss.<\/div>\n","protected":false},"excerpt":{"rendered":"<p>MR. LEE &amp; IVANESKY FOR THE FIRST TIME AT THE OPENING OF KONTAKT ON 23 MARCH 23<\/p>\n","protected":false},"author":1,"featured_media":4336,"comment_status":"closed","ping_status":"closed","sticky":false,"template":"","format":"standard","meta":{"footnotes":""},"categories":[79],"tags":[],"class_list":["post-4861","post","type-post","status-publish","format-standard","has-post-thumbnail","hentry","category-news-2023"],"yoast_head":"<!-- This site is optimized with the Yoast SEO plugin v24.6 - https:\/\/yoast.com\/wordpress\/plugins\/seo\/ -->\n<title>MR. LEE &amp; IVANESKY FOR THE FIRST TIME AT THE OPENING OF KONTAKT ON 23 MARCH - Kontakt konferencija<\/title>\n<meta name=\"robots\" content=\"index, follow, max-snippet:-1, max-image-preview:large, max-video-preview:-1\" \/>\n<link rel=\"canonical\" href=\"https:\/\/www.kontakt.org.rs\/mr-lee-ivanesky-premijerno-na-otvaranju-kontakta-23-marta\/\" \/>\n<meta property=\"og:locale\" content=\"en_US\" \/>\n<meta property=\"og:type\" content=\"article\" \/>\n<meta property=\"og:title\" content=\"MR. LEE &amp; IVANESKY FOR THE FIRST TIME AT THE OPENING OF KONTAKT ON 23 MARCH - Kontakt konferencija\" \/>\n<meta property=\"og:description\" content=\"MR. LEE &amp; IVANESKY FOR THE FIRST TIME AT THE OPENING OF KONTAKT ON 23 MARCH 23\" \/>\n<meta property=\"og:url\" content=\"https:\/\/www.kontakt.org.rs\/mr-lee-ivanesky-premijerno-na-otvaranju-kontakta-23-marta\/\" \/>\n<meta property=\"og:site_name\" content=\"Kontakt konferencija\" \/>\n<meta property=\"article:publisher\" content=\"https:\/\/www.facebook.com\/KontaktBeograd\/\" \/>\n<meta property=\"article:published_time\" content=\"2023-03-06T13:04:32+00:00\" \/>\n<meta property=\"og:image\" content=\"https:\/\/www.kontakt.org.rs\/wp-content\/uploads\/2023\/03\/InstaStory_MR_LEE__IVANE_SKY_23_1920x1080pix.jpg\" \/>\n\t<meta property=\"og:image:width\" content=\"1920\" \/>\n\t<meta property=\"og:image:height\" content=\"1080\" \/>\n\t<meta property=\"og:image:type\" content=\"image\/jpeg\" \/>\n<meta name=\"author\" content=\"stagezin\" \/>\n<meta name=\"twitter:card\" content=\"summary_large_image\" \/>\n<meta name=\"twitter:label1\" content=\"Written by\" \/>\n\t<meta name=\"twitter:data1\" content=\"stagezin\" \/>\n\t<meta name=\"twitter:label2\" content=\"Est. reading time\" \/>\n\t<meta name=\"twitter:data2\" content=\"4 minutes\" \/>\n<script type=\"application\/ld+json\" class=\"yoast-schema-graph\">{\"@context\":\"https:\/\/schema.org\",\"@graph\":[{\"@type\":\"Article\",\"@id\":\"https:\/\/www.kontakt.org.rs\/mr-lee-ivanesky-premijerno-na-otvaranju-kontakta-23-marta\/#article\",\"isPartOf\":{\"@id\":\"https:\/\/www.kontakt.org.rs\/mr-lee-ivanesky-premijerno-na-otvaranju-kontakta-23-marta\/\"},\"author\":{\"name\":\"stagezin\",\"@id\":\"https:\/\/www.kontakt.org.rs\/#\/schema\/person\/193c5a6980e93e18726f18f16d1c5144\"},\"headline\":\"MR. LEE &amp; IVANESKY FOR THE FIRST TIME AT THE OPENING OF KONTAKT ON 23 MARCH\",\"datePublished\":\"2023-03-06T13:04:32+00:00\",\"mainEntityOfPage\":{\"@id\":\"https:\/\/www.kontakt.org.rs\/mr-lee-ivanesky-premijerno-na-otvaranju-kontakta-23-marta\/\"},\"wordCount\":856,\"publisher\":{\"@id\":\"https:\/\/www.kontakt.org.rs\/#organization\"},\"image\":{\"@id\":\"https:\/\/www.kontakt.org.rs\/mr-lee-ivanesky-premijerno-na-otvaranju-kontakta-23-marta\/#primaryimage\"},\"thumbnailUrl\":\"https:\/\/www.kontakt.org.rs\/wp-content\/uploads\/2023\/03\/InstaStory_MR_LEE__IVANE_SKY_23_1920x1080pix.jpg\",\"articleSection\":[\"News 2023\"],\"inLanguage\":\"en-US\"},{\"@type\":\"WebPage\",\"@id\":\"https:\/\/www.kontakt.org.rs\/mr-lee-ivanesky-premijerno-na-otvaranju-kontakta-23-marta\/\",\"url\":\"https:\/\/www.kontakt.org.rs\/mr-lee-ivanesky-premijerno-na-otvaranju-kontakta-23-marta\/\",\"name\":\"MR. LEE &amp; IVANESKY FOR THE FIRST TIME AT THE OPENING OF KONTAKT ON 23 MARCH - Kontakt konferencija\",\"isPartOf\":{\"@id\":\"https:\/\/www.kontakt.org.rs\/#website\"},\"primaryImageOfPage\":{\"@id\":\"https:\/\/www.kontakt.org.rs\/mr-lee-ivanesky-premijerno-na-otvaranju-kontakta-23-marta\/#primaryimage\"},\"image\":{\"@id\":\"https:\/\/www.kontakt.org.rs\/mr-lee-ivanesky-premijerno-na-otvaranju-kontakta-23-marta\/#primaryimage\"},\"thumbnailUrl\":\"https:\/\/www.kontakt.org.rs\/wp-content\/uploads\/2023\/03\/InstaStory_MR_LEE__IVANE_SKY_23_1920x1080pix.jpg\",\"datePublished\":\"2023-03-06T13:04:32+00:00\",\"breadcrumb\":{\"@id\":\"https:\/\/www.kontakt.org.rs\/mr-lee-ivanesky-premijerno-na-otvaranju-kontakta-23-marta\/#breadcrumb\"},\"inLanguage\":\"en-US\",\"potentialAction\":[{\"@type\":\"ReadAction\",\"target\":[\"https:\/\/www.kontakt.org.rs\/mr-lee-ivanesky-premijerno-na-otvaranju-kontakta-23-marta\/\"]}]},{\"@type\":\"ImageObject\",\"inLanguage\":\"en-US\",\"@id\":\"https:\/\/www.kontakt.org.rs\/mr-lee-ivanesky-premijerno-na-otvaranju-kontakta-23-marta\/#primaryimage\",\"url\":\"https:\/\/www.kontakt.org.rs\/wp-content\/uploads\/2023\/03\/InstaStory_MR_LEE__IVANE_SKY_23_1920x1080pix.jpg\",\"contentUrl\":\"https:\/\/www.kontakt.org.rs\/wp-content\/uploads\/2023\/03\/InstaStory_MR_LEE__IVANE_SKY_23_1920x1080pix.jpg\",\"width\":1920,\"height\":1080},{\"@type\":\"BreadcrumbList\",\"@id\":\"https:\/\/www.kontakt.org.rs\/mr-lee-ivanesky-premijerno-na-otvaranju-kontakta-23-marta\/#breadcrumb\",\"itemListElement\":[{\"@type\":\"ListItem\",\"position\":1,\"name\":\"Home\",\"item\":\"https:\/\/www.kontakt.org.rs\/?lang=en\"},{\"@type\":\"ListItem\",\"position\":2,\"name\":\"MR. LEE &amp; IVANESKY FOR THE FIRST TIME AT THE OPENING OF KONTAKT ON 23 MARCH\"}]},{\"@type\":\"WebSite\",\"@id\":\"https:\/\/www.kontakt.org.rs\/#website\",\"url\":\"https:\/\/www.kontakt.org.rs\/\",\"name\":\"Kontakt konferencija\",\"description\":\"Kontakt 2023\",\"publisher\":{\"@id\":\"https:\/\/www.kontakt.org.rs\/#organization\"},\"potentialAction\":[{\"@type\":\"SearchAction\",\"target\":{\"@type\":\"EntryPoint\",\"urlTemplate\":\"https:\/\/www.kontakt.org.rs\/?s={search_term_string}\"},\"query-input\":{\"@type\":\"PropertyValueSpecification\",\"valueRequired\":true,\"valueName\":\"search_term_string\"}}],\"inLanguage\":\"en-US\"},{\"@type\":\"Organization\",\"@id\":\"https:\/\/www.kontakt.org.rs\/#organization\",\"name\":\"Kontakt konferencija\",\"url\":\"https:\/\/www.kontakt.org.rs\/\",\"logo\":{\"@type\":\"ImageObject\",\"inLanguage\":\"en-US\",\"@id\":\"https:\/\/www.kontakt.org.rs\/#\/schema\/logo\/image\/\",\"url\":\"https:\/\/www.kontakt.org.rs\/wp-content\/uploads\/2023\/01\/KONTAKT_23-header-logo-3.png\",\"contentUrl\":\"https:\/\/www.kontakt.org.rs\/wp-content\/uploads\/2023\/01\/KONTAKT_23-header-logo-3.png\",\"width\":706,\"height\":71,\"caption\":\"Kontakt konferencija\"},\"image\":{\"@id\":\"https:\/\/www.kontakt.org.rs\/#\/schema\/logo\/image\/\"},\"sameAs\":[\"https:\/\/www.facebook.com\/KontaktBeograd\/\",\"https:\/\/www.instagram.com\/kontakt_beograd\/\"]},{\"@type\":\"Person\",\"@id\":\"https:\/\/www.kontakt.org.rs\/#\/schema\/person\/193c5a6980e93e18726f18f16d1c5144\",\"name\":\"stagezin\",\"image\":{\"@type\":\"ImageObject\",\"inLanguage\":\"en-US\",\"@id\":\"https:\/\/www.kontakt.org.rs\/#\/schema\/person\/image\/\",\"url\":\"https:\/\/secure.gravatar.com\/avatar\/fe5d0c6bdd8618f9ac8c8c462d29382c403c4cc325e9178aa51e00822a4d5a8f?s=96&d=mm&r=g\",\"contentUrl\":\"https:\/\/secure.gravatar.com\/avatar\/fe5d0c6bdd8618f9ac8c8c462d29382c403c4cc325e9178aa51e00822a4d5a8f?s=96&d=mm&r=g\",\"caption\":\"stagezin\"},\"sameAs\":[\"http:\/\/slike.getonthestage.com.getonthestage.com\"],\"url\":\"https:\/\/www.kontakt.org.rs\/en\/author\/stagezin\/\"}]}<\/script>\n<!-- \/ Yoast SEO plugin. -->","yoast_head_json":{"title":"MR. LEE &amp; IVANESKY FOR THE FIRST TIME AT THE OPENING OF KONTAKT ON 23 MARCH - Kontakt konferencija","robots":{"index":"index","follow":"follow","max-snippet":"max-snippet:-1","max-image-preview":"max-image-preview:large","max-video-preview":"max-video-preview:-1"},"canonical":"https:\/\/www.kontakt.org.rs\/mr-lee-ivanesky-premijerno-na-otvaranju-kontakta-23-marta\/","og_locale":"en_US","og_type":"article","og_title":"MR. LEE &amp; IVANESKY FOR THE FIRST TIME AT THE OPENING OF KONTAKT ON 23 MARCH - Kontakt konferencija","og_description":"MR. LEE &amp; IVANESKY FOR THE FIRST TIME AT THE OPENING OF KONTAKT ON 23 MARCH 23","og_url":"https:\/\/www.kontakt.org.rs\/mr-lee-ivanesky-premijerno-na-otvaranju-kontakta-23-marta\/","og_site_name":"Kontakt konferencija","article_publisher":"https:\/\/www.facebook.com\/KontaktBeograd\/","article_published_time":"2023-03-06T13:04:32+00:00","og_image":[{"width":1920,"height":1080,"url":"https:\/\/www.kontakt.org.rs\/wp-content\/uploads\/2023\/03\/InstaStory_MR_LEE__IVANE_SKY_23_1920x1080pix.jpg","type":"image\/jpeg"}],"author":"stagezin","twitter_card":"summary_large_image","twitter_misc":{"Written by":"stagezin","Est. reading time":"4 minutes"},"schema":{"@context":"https:\/\/schema.org","@graph":[{"@type":"Article","@id":"https:\/\/www.kontakt.org.rs\/mr-lee-ivanesky-premijerno-na-otvaranju-kontakta-23-marta\/#article","isPartOf":{"@id":"https:\/\/www.kontakt.org.rs\/mr-lee-ivanesky-premijerno-na-otvaranju-kontakta-23-marta\/"},"author":{"name":"stagezin","@id":"https:\/\/www.kontakt.org.rs\/#\/schema\/person\/193c5a6980e93e18726f18f16d1c5144"},"headline":"MR. LEE &amp; IVANESKY FOR THE FIRST TIME AT THE OPENING OF KONTAKT ON 23 MARCH","datePublished":"2023-03-06T13:04:32+00:00","mainEntityOfPage":{"@id":"https:\/\/www.kontakt.org.rs\/mr-lee-ivanesky-premijerno-na-otvaranju-kontakta-23-marta\/"},"wordCount":856,"publisher":{"@id":"https:\/\/www.kontakt.org.rs\/#organization"},"image":{"@id":"https:\/\/www.kontakt.org.rs\/mr-lee-ivanesky-premijerno-na-otvaranju-kontakta-23-marta\/#primaryimage"},"thumbnailUrl":"https:\/\/www.kontakt.org.rs\/wp-content\/uploads\/2023\/03\/InstaStory_MR_LEE__IVANE_SKY_23_1920x1080pix.jpg","articleSection":["News 2023"],"inLanguage":"en-US"},{"@type":"WebPage","@id":"https:\/\/www.kontakt.org.rs\/mr-lee-ivanesky-premijerno-na-otvaranju-kontakta-23-marta\/","url":"https:\/\/www.kontakt.org.rs\/mr-lee-ivanesky-premijerno-na-otvaranju-kontakta-23-marta\/","name":"MR. LEE &amp; IVANESKY FOR THE FIRST TIME AT THE OPENING OF KONTAKT ON 23 MARCH - Kontakt konferencija","isPartOf":{"@id":"https:\/\/www.kontakt.org.rs\/#website"},"primaryImageOfPage":{"@id":"https:\/\/www.kontakt.org.rs\/mr-lee-ivanesky-premijerno-na-otvaranju-kontakta-23-marta\/#primaryimage"},"image":{"@id":"https:\/\/www.kontakt.org.rs\/mr-lee-ivanesky-premijerno-na-otvaranju-kontakta-23-marta\/#primaryimage"},"thumbnailUrl":"https:\/\/www.kontakt.org.rs\/wp-content\/uploads\/2023\/03\/InstaStory_MR_LEE__IVANE_SKY_23_1920x1080pix.jpg","datePublished":"2023-03-06T13:04:32+00:00","breadcrumb":{"@id":"https:\/\/www.kontakt.org.rs\/mr-lee-ivanesky-premijerno-na-otvaranju-kontakta-23-marta\/#breadcrumb"},"inLanguage":"en-US","potentialAction":[{"@type":"ReadAction","target":["https:\/\/www.kontakt.org.rs\/mr-lee-ivanesky-premijerno-na-otvaranju-kontakta-23-marta\/"]}]},{"@type":"ImageObject","inLanguage":"en-US","@id":"https:\/\/www.kontakt.org.rs\/mr-lee-ivanesky-premijerno-na-otvaranju-kontakta-23-marta\/#primaryimage","url":"https:\/\/www.kontakt.org.rs\/wp-content\/uploads\/2023\/03\/InstaStory_MR_LEE__IVANE_SKY_23_1920x1080pix.jpg","contentUrl":"https:\/\/www.kontakt.org.rs\/wp-content\/uploads\/2023\/03\/InstaStory_MR_LEE__IVANE_SKY_23_1920x1080pix.jpg","width":1920,"height":1080},{"@type":"BreadcrumbList","@id":"https:\/\/www.kontakt.org.rs\/mr-lee-ivanesky-premijerno-na-otvaranju-kontakta-23-marta\/#breadcrumb","itemListElement":[{"@type":"ListItem","position":1,"name":"Home","item":"https:\/\/www.kontakt.org.rs\/?lang=en"},{"@type":"ListItem","position":2,"name":"MR. LEE &amp; IVANESKY FOR THE FIRST TIME AT THE OPENING OF KONTAKT ON 23 MARCH"}]},{"@type":"WebSite","@id":"https:\/\/www.kontakt.org.rs\/#website","url":"https:\/\/www.kontakt.org.rs\/","name":"Kontakt konferencija","description":"Kontakt 2023","publisher":{"@id":"https:\/\/www.kontakt.org.rs\/#organization"},"potentialAction":[{"@type":"SearchAction","target":{"@type":"EntryPoint","urlTemplate":"https:\/\/www.kontakt.org.rs\/?s={search_term_string}"},"query-input":{"@type":"PropertyValueSpecification","valueRequired":true,"valueName":"search_term_string"}}],"inLanguage":"en-US"},{"@type":"Organization","@id":"https:\/\/www.kontakt.org.rs\/#organization","name":"Kontakt konferencija","url":"https:\/\/www.kontakt.org.rs\/","logo":{"@type":"ImageObject","inLanguage":"en-US","@id":"https:\/\/www.kontakt.org.rs\/#\/schema\/logo\/image\/","url":"https:\/\/www.kontakt.org.rs\/wp-content\/uploads\/2023\/01\/KONTAKT_23-header-logo-3.png","contentUrl":"https:\/\/www.kontakt.org.rs\/wp-content\/uploads\/2023\/01\/KONTAKT_23-header-logo-3.png","width":706,"height":71,"caption":"Kontakt konferencija"},"image":{"@id":"https:\/\/www.kontakt.org.rs\/#\/schema\/logo\/image\/"},"sameAs":["https:\/\/www.facebook.com\/KontaktBeograd\/","https:\/\/www.instagram.com\/kontakt_beograd\/"]},{"@type":"Person","@id":"https:\/\/www.kontakt.org.rs\/#\/schema\/person\/193c5a6980e93e18726f18f16d1c5144","name":"stagezin","image":{"@type":"ImageObject","inLanguage":"en-US","@id":"https:\/\/www.kontakt.org.rs\/#\/schema\/person\/image\/","url":"https:\/\/secure.gravatar.com\/avatar\/fe5d0c6bdd8618f9ac8c8c462d29382c403c4cc325e9178aa51e00822a4d5a8f?s=96&d=mm&r=g","contentUrl":"https:\/\/secure.gravatar.com\/avatar\/fe5d0c6bdd8618f9ac8c8c462d29382c403c4cc325e9178aa51e00822a4d5a8f?s=96&d=mm&r=g","caption":"stagezin"},"sameAs":["http:\/\/slike.getonthestage.com.getonthestage.com"],"url":"https:\/\/www.kontakt.org.rs\/en\/author\/stagezin\/"}]}},"_links":{"self":[{"href":"https:\/\/www.kontakt.org.rs\/en\/wp-json\/wp\/v2\/posts\/4861","targetHints":{"allow":["GET"]}}],"collection":[{"href":"https:\/\/www.kontakt.org.rs\/en\/wp-json\/wp\/v2\/posts"}],"about":[{"href":"https:\/\/www.kontakt.org.rs\/en\/wp-json\/wp\/v2\/types\/post"}],"author":[{"embeddable":true,"href":"https:\/\/www.kontakt.org.rs\/en\/wp-json\/wp\/v2\/users\/1"}],"replies":[{"embeddable":true,"href":"https:\/\/www.kontakt.org.rs\/en\/wp-json\/wp\/v2\/comments?post=4861"}],"version-history":[{"count":0,"href":"https:\/\/www.kontakt.org.rs\/en\/wp-json\/wp\/v2\/posts\/4861\/revisions"}],"wp:featuredmedia":[{"embeddable":true,"href":"https:\/\/www.kontakt.org.rs\/en\/wp-json\/wp\/v2\/media\/4336"}],"wp:attachment":[{"href":"https:\/\/www.kontakt.org.rs\/en\/wp-json\/wp\/v2\/media?parent=4861"}],"wp:term":[{"taxonomy":"category","embeddable":true,"href":"https:\/\/www.kontakt.org.rs\/en\/wp-json\/wp\/v2\/categories?post=4861"},{"taxonomy":"post_tag","embeddable":true,"href":"https:\/\/www.kontakt.org.rs\/en\/wp-json\/wp\/v2\/tags?post=4861"}],"curies":[{"name":"wp","href":"https:\/\/api.w.org\/{rel}","templated":true}]}}